{"id":2102,"date":"2008-01-08T11:46:28","date_gmt":"2008-01-08T09:46:28","guid":{"rendered":"http:\/\/new.curocon.de\/?p=2102"},"modified":"2021-04-14T09:55:36","modified_gmt":"2021-04-14T07:55:36","slug":"2008-kommt-in-8-gaengen","status":"publish","type":"post","link":"https:\/\/www.curocon.de\/en\/2008-kommt-in-8-gaengen\/","title":{"rendered":"2008 comes in 8 gears"},"content":{"rendered":"<p>[et_pb_section fb_built=&#8220;1&#8243; _builder_version=&#8220;3.22&#8243;][et_pb_row _builder_version=&#8220;3.25&#8243; background_size=&#8220;initial&#8220; background_position=&#8220;top_left&#8220; background_repeat=&#8220;repeat&#8220;][et_pb_column type=&#8220;4_4&#8243; _builder_version=&#8220;3.25&#8243; custom_padding=&#8220;|||&#8220; custom_padding__hover=&#8220;|||&#8220;][et_pb_text _builder_version=&#8220;3.27.4&#8243; background_size=&#8220;initial&#8220; background_position=&#8220;top_left&#8220; background_repeat=&#8220;repeat&#8220;]In Zusammenarbeit mit der ZF Passau werden wir in 2008 zwei <strong>Getriebepr\u00fcfst\u00e4nde<\/strong> f\u00fcr die neuen <strong>Achtganggetriebe<\/strong> entwickeln. Nach einer langen und intensiven Vorbereitungsphase freuen wir uns, das Projekt gemeinsam mit ZF Passau realisieren zu d\u00fcrfen.<\/p>\n<p>Die geplanten Pr\u00fcfst\u00e4nde f\u00fcr die neue und <strong>hochinnovative Getriebegeneration<\/strong> sollen voraussichtlich im Herbst 2008 den Betrieb aufnehmen.<\/p>\n<p>F\u00fcr den Endkunden d\u00fcrften die neuen Getriebe 2009\/2010 am Markt erh\u00e4ltlich sein. Bereits die ersten Tests der neuen Getriebegeneration zeigten erstaunliche Ergebnisse. Die Endlichkeit der fossilen Brennstoffe zwingt die Hersteller und Ingenieure zur Entwicklung immer <strong>effizienteren Getriebe<\/strong>. ZF stellt sich dieser Herausforderung \u2013 erfolgreich, die ersten Tests versprechen Einsparungspotenziale im zweistelligen Bereich.[\/et_pb_text][\/et_pb_column][\/et_pb_row][\/et_pb_section]<\/p>\n","protected":false},"excerpt":{"rendered":"<p>In Zusammenarbeit mit der ZF Passau werden wir in 2008 zwei Getriebepr\u00fcfst\u00e4nde f\u00fcr die neuen Achtganggetriebe entwickeln. Nach einer langen und intensiven Vorbereitungsphase freuen wir uns, das Projekt gemeinsam mit ZF Passau realisieren zu d\u00fcrfen. Die geplanten Pr\u00fcfst\u00e4nde f\u00fcr die neue und hochinnovative Getriebegeneration sollen voraussichtlich im Herbst 2008 den Betrieb aufnehmen. F\u00fcr den Endkunden [&hellip;]<\/p>\n","protected":false},"author":4,"featured_media":3964,"comment_status":"open","ping_status":"open","sticky":false,"template":"","format":"standard","meta":{"_et_pb_use_builder":"on","_et_pb_old_content":"In Zusammenarbeit mit der ZF Passau werden wir in 2008 zwei <strong>Getriebepr\u00fcfst\u00e4nde<\/strong> f\u00fcr die neuen <strong>Achtganggetriebe<\/strong> entwickeln. Nach einer langen und intensiven Vorbereitungsphase freuen wir uns, das Projekt gemeinsam mit ZF Passau realisieren zu d\u00fcrfen.\n\nDie geplanten Pr\u00fcfst\u00e4nde f\u00fcr die neue und <strong>hochinnovative Getriebegeneration<\/strong> sollen voraussichtlich im Herbst 2008 den Betrieb aufnehmen.\n\nF\u00fcr den Endkunden d\u00fcrften die neuen Getriebe 2009\/2010 am Markt erh\u00e4ltlich sein. Bereits die ersten Tests der neuen Getriebegeneration zeigten erstaunliche Ergebnisse. Die Endlichkeit der fossilen Brennstoffe zwingt die Hersteller und Ingenieure zur Entwicklung immer <strong>effizienteren Getriebe<\/strong>. ZF stellt sich dieser Herausforderung \u2013 erfolgreich, die ersten Tests versprechen Einsparungspotenziale im zweistelligen Bereich.","_et_gb_content_width":"","footnotes":""},"categories":[11],"tags":[],"class_list":["post-2102","post","type-post","status-publish","format-standard","has-post-thumbnail","hentry","category-projekte"],"_links":{"self":[{"href":"https:\/\/www.curocon.de\/en\/wp-json\/wp\/v2\/posts\/2102","targetHints":{"allow":["GET"]}}],"collection":[{"href":"https:\/\/www.curocon.de\/en\/wp-json\/wp\/v2\/posts"}],"about":[{"href":"https:\/\/www.curocon.de\/en\/wp-json\/wp\/v2\/types\/post"}],"author":[{"embeddable":true,"href":"https:\/\/www.curocon.de\/en\/wp-json\/wp\/v2\/users\/4"}],"replies":[{"embeddable":true,"href":"https:\/\/www.curocon.de\/en\/wp-json\/wp\/v2\/comments?post=2102"}],"version-history":[{"count":4,"href":"https:\/\/www.curocon.de\/en\/wp-json\/wp\/v2\/posts\/2102\/revisions"}],"predecessor-version":[{"id":4323,"href":"https:\/\/www.curocon.de\/en\/wp-json\/wp\/v2\/posts\/2102\/revisions\/4323"}],"wp:featuredmedia":[{"embeddable":true,"href":"https:\/\/www.curocon.de\/en\/wp-json\/wp\/v2\/media\/3964"}],"wp:attachment":[{"href":"https:\/\/www.curocon.de\/en\/wp-json\/wp\/v2\/media?parent=2102"}],"wp:term":[{"taxonomy":"category","embeddable":true,"href":"https:\/\/www.curocon.de\/en\/wp-json\/wp\/v2\/categories?post=2102"},{"taxonomy":"post_tag","embeddable":true,"href":"https:\/\/www.curocon.de\/en\/wp-json\/wp\/v2\/tags?post=2102"}],"curies":[{"name":"wp","href":"https:\/\/api.w.org\/{rel}","templated":true}]}}