{"id":2109,"date":"2008-01-20T11:54:55","date_gmt":"2008-01-20T09:54:55","guid":{"rendered":"http:\/\/new.curocon.de\/?p=2109"},"modified":"2021-04-14T09:54:13","modified_gmt":"2021-04-14T07:54:13","slug":"internationale-automotive-cluster-tage","status":"publish","type":"post","link":"https:\/\/www.curocon.de\/en\/internationale-automotive-cluster-tage\/","title":{"rendered":"International Automotive Cluster Days"},"content":{"rendered":"<p>[et_pb_section fb_built=&#8220;1&#8243; admin_label=&#8220;section&#8220; _builder_version=&#8220;3.22&#8243;][et_pb_row admin_label=&#8220;row&#8220; _builder_version=&#8220;3.25&#8243; background_size=&#8220;initial&#8220; background_position=&#8220;top_left&#8220; background_repeat=&#8220;repeat&#8220;][et_pb_column type=&#8220;4_4&#8243; _builder_version=&#8220;3.25&#8243; custom_padding=&#8220;|||&#8220; custom_padding__hover=&#8220;|||&#8220;][et_pb_text admin_label=&#8220;Text&#8220; _builder_version=&#8220;3.27.4&#8243; background_size=&#8220;initial&#8220; background_position=&#8220;top_left&#8220; background_repeat=&#8220;repeat&#8220;]Auch in diesem Jahr l\u00e4dt der Automotive Cluster RheinMain zu den <strong>internationalen Cluster Tagen<\/strong> ein, die am 27. und 28. Februar 2008 in den R\u00e4umlichkeiten der IHK Darmstadt stattfinden werden.<\/p>\n<p>In den zur\u00fcckliegenden 2 Jahren ist es dem <strong>Automotive Cluster RheinMainNeckar<\/strong> gelungen, das Rhein-Main-Neckar-Gebiet als Automotive Cluster zu positionieren.<\/p>\n<p>Die Automotive Cluster Tage werden von Experten der Automobil- und der Automobilzuliefererindustrie genutzt, um wertvolle Erfahrungen und innovative Ideen auszutauschen.<\/p>\n<p>Erkl\u00e4rtes Ziel der Veranstaltung ist es, neue <strong>Kooperationspartner und -wege<\/strong> <strong>zu erschlie\u00dfen<\/strong>.<\/p>\n<p>Bereits im vergangenen Jahr hat die CuroCon GmbH, vertreten durch Bernhard M\u00fcller und Michael Wi\u00dfbach, erfolgreich an den Automotive Cluster Tagen teilgenommen.[\/et_pb_text][\/et_pb_column][\/et_pb_row][\/et_pb_section]<\/p>\n","protected":false},"excerpt":{"rendered":"<p>Auch in diesem Jahr l\u00e4dt der Automotive Cluster RheinMain zu den internationalen Cluster Tagen ein, die am 27. und 28. Februar 2008 in den R\u00e4umlichkeiten der IHK Darmstadt stattfinden werden. In den zur\u00fcckliegenden 2 Jahren ist es dem Automotive Cluster RheinMainNeckar gelungen, das Rhein-Main-Neckar-Gebiet als Automotive Cluster zu positionieren. Die Automotive Cluster Tage werden von [&hellip;]<\/p>\n","protected":false},"author":4,"featured_media":3968,"comment_status":"open","ping_status":"open","sticky":false,"template":"","format":"standard","meta":{"_et_pb_use_builder":"on","_et_pb_old_content":"Auch in diesem Jahr l\u00e4dt der Automotive Cluster RheinMain zu den <strong>internationalen Cluster Tagen<\/strong> ein, die am 27. und 28. Februar 2008 in den R\u00e4umlichkeiten der IHK Darmstadt stattfinden werden.\n\nIn den zur\u00fcckliegenden 2 Jahren ist es dem <strong>Automotive Cluster RheinMainNeckar<\/strong> gelungen, das Rhein-Main-Neckar-Gebiet als Automotive Cluster zu positionieren.\n\nDie Automotive Cluster Tage werden von Experten der Automobil- und der Automobilzuliefererindustrie genutzt, um wertvolle Erfahrungen und innovative Ideen auszutauschen.\n\nErkl\u00e4rtes Ziel der Veranstaltung ist es, neue <strong>Kooperationspartner und -wege<\/strong> <strong>zu erschlie\u00dfen<\/strong>.\n\nBereits im vergangenen Jahr hat die CuroCon GmbH, vertreten durch Bernhard M\u00fcller und Michael Wi\u00dfbach, erfolgreich an den Automotive Cluster Tagen teilgenommen.","_et_gb_content_width":"","footnotes":""},"categories":[12],"tags":[],"class_list":["post-2109","post","type-post","status-publish","format-standard","has-post-thumbnail","hentry","category-messe"],"_links":{"self":[{"href":"https:\/\/www.curocon.de\/en\/wp-json\/wp\/v2\/posts\/2109","targetHints":{"allow":["GET"]}}],"collection":[{"href":"https:\/\/www.curocon.de\/en\/wp-json\/wp\/v2\/posts"}],"about":[{"href":"https:\/\/www.curocon.de\/en\/wp-json\/wp\/v2\/types\/post"}],"author":[{"embeddable":true,"href":"https:\/\/www.curocon.de\/en\/wp-json\/wp\/v2\/users\/4"}],"replies":[{"embeddable":true,"href":"https:\/\/www.curocon.de\/en\/wp-json\/wp\/v2\/comments?post=2109"}],"version-history":[{"count":3,"href":"https:\/\/www.curocon.de\/en\/wp-json\/wp\/v2\/posts\/2109\/revisions"}],"predecessor-version":[{"id":4320,"href":"https:\/\/www.curocon.de\/en\/wp-json\/wp\/v2\/posts\/2109\/revisions\/4320"}],"wp:featuredmedia":[{"embeddable":true,"href":"https:\/\/www.curocon.de\/en\/wp-json\/wp\/v2\/media\/3968"}],"wp:attachment":[{"href":"https:\/\/www.curocon.de\/en\/wp-json\/wp\/v2\/media?parent=2109"}],"wp:term":[{"taxonomy":"category","embeddable":true,"href":"https:\/\/www.curocon.de\/en\/wp-json\/wp\/v2\/categories?post=2109"},{"taxonomy":"post_tag","embeddable":true,"href":"https:\/\/www.curocon.de\/en\/wp-json\/wp\/v2\/tags?post=2109"}],"curies":[{"name":"wp","href":"https:\/\/api.w.org\/{rel}","templated":true}]}}