{"id":2195,"date":"2011-09-26T16:01:46","date_gmt":"2011-09-26T14:01:46","guid":{"rendered":"http:\/\/new.curocon.de\/?p=2195"},"modified":"2021-04-14T09:40:47","modified_gmt":"2021-04-14T07:40:47","slug":"erfolgreicher-abschluss-der-ausbildereignungspruefung","status":"publish","type":"post","link":"https:\/\/www.curocon.de\/en\/erfolgreicher-abschluss-der-ausbildereignungspruefung\/","title":{"rendered":"Successful completion of the instructor aptitude test"},"content":{"rendered":"<p>[et_pb_section fb_built=&#8220;1&#8243; admin_label=&#8220;section&#8220; _builder_version=&#8220;3.22&#8243;][et_pb_row admin_label=&#8220;row&#8220; _builder_version=&#8220;3.25&#8243; background_size=&#8220;initial&#8220; background_position=&#8220;top_left&#8220; background_repeat=&#8220;repeat&#8220;][et_pb_column type=&#8220;4_4&#8243; _builder_version=&#8220;3.25&#8243; custom_padding=&#8220;|||&#8220; custom_padding__hover=&#8220;|||&#8220;][et_pb_text admin_label=&#8220;Text&#8220; _builder_version=&#8220;3.27.4&#8243; background_size=&#8220;initial&#8220; background_position=&#8220;top_left&#8220; background_repeat=&#8220;repeat&#8220;]Um das <strong>Know-how der CuroCon GmbH <\/strong>nicht nur im technischen Bereich, sondern auch im <strong>B\u00fcromanagement <\/strong>und in der <strong>Verwaltung <\/strong>nicht ungenutzt zu lassen und f\u00fcr ausreichend und entsprechenden qualifizierten Nachwuchs in der CuroCon-Familie zu sorgen, bildet die CuroCon ab sofort <strong>Kaufleute f\u00fcr B\u00fcrokommunikation<\/strong> aus.<\/p>\n<p>Unsere Gesch\u00e4ftsleitungsassistentin, <strong>Frau Carmen Bernzen,<\/strong> hat mit ihrem \u00e4u\u00dferst <strong>erfolgreichen Abschluss der Ausbildereignungspr\u00fcfung<\/strong> nun die <strong>Weichen f\u00fcr die zuk\u00fcnftige Ausbildung neuer Fachkr\u00e4fte<\/strong> in der CuroCon gestellt.<\/p>\n<p>Die Ausbildung junger Menschen ist ein <strong>wichtiges Instrument um immer gr\u00f6\u00dfer werdendem Fachkr\u00e4ftemangel in der Zukunft vorzubeugen <\/strong>und um den betrieblichen Anforderungen entsprechend Nachwuchskr\u00e4fte zu qualifizieren.<\/p>\n<p>Doch ehe ein Betrieb ausbilden kann, muss dieser nachweisen, dass er einen geeigneten Ausbilder besch\u00e4ftigt. <strong>Voraussetzung daf\u00fcr ist die pers\u00f6nliche und fachliche Eignung,<\/strong> die im Rahmen der Ausbildereignungspr\u00fcfung nachgewiesen werden muss.<\/p>\n<p>Frau Bernzen erwarb f\u00fcr die CuroCon GmbH in einem mehrmonatigen berufsbegleitenden Ausbilder-Lehrgang <strong>bei der IHK Darmstadt<\/strong> die <strong>erforderliche berufs- und arbeitsp\u00e4dagogische Eignung.<\/strong> Inhalte des Kurses waren das Planen, Vorbereiten, Durchf\u00fchren und Beenden der Ausbildung. Hier wurde unter anderem auf die Strukturen des Bildungssystems, auf die Eignung der Ausbildungsst\u00e4tte und auf verschiedenste Ausbildungsmethoden bis hin zum erfolgreichen Beenden der Ausbildung eingegangen. Am Ende standen <strong>eine schriftliche und praktische Pr\u00fcfung,<\/strong> die Frau Bernzen als eine der <strong>f\u00fcnf besten Teilnehmer des Lehrgangs absolvierte.<\/strong> Somit hat die CuroCon wirklich gute Voraussetzungen f\u00fcr erfolgreiches Ausbilden.[\/et_pb_text][\/et_pb_column][\/et_pb_row][\/et_pb_section]<\/p>\n","protected":false},"excerpt":{"rendered":"<p>Um das Know-how der CuroCon GmbH nicht nur im technischen Bereich, sondern auch im B\u00fcromanagement und in der Verwaltung nicht ungenutzt zu lassen und f\u00fcr ausreichend und entsprechenden qualifizierten Nachwuchs in der CuroCon-Familie zu sorgen, bildet die CuroCon ab sofort Kaufleute f\u00fcr B\u00fcrokommunikation aus. Unsere Gesch\u00e4ftsleitungsassistentin, Frau Carmen Bernzen, hat mit ihrem \u00e4u\u00dferst erfolgreichen Abschluss [&hellip;]<\/p>\n","protected":false},"author":4,"featured_media":4063,"comment_status":"closed","ping_status":"closed","sticky":false,"template":"","format":"standard","meta":{"_et_pb_use_builder":"on","_et_pb_old_content":"Um das <strong>Know-how der CuroCon GmbH <\/strong>nicht nur im technischen Bereich, sondern auch im <strong>B\u00fcromanagement <\/strong>und in der <strong>Verwaltung <\/strong>nicht ungenutzt zu lassen und f\u00fcr ausreichend und entsprechenden qualifizierten Nachwuchs in der CuroCon-Familie zu sorgen, bildet die CuroCon ab sofort <strong>Kaufleute f\u00fcr B\u00fcrokommunikation<\/strong> aus.\n\nUnsere Gesch\u00e4ftsleitungsassistentin, <strong>Frau Carmen Bernzen,<\/strong> hat mit ihrem \u00e4u\u00dferst <strong>erfolgreichen Abschluss der Ausbildereignungspr\u00fcfung<\/strong> nun die <strong>Weichen f\u00fcr die zuk\u00fcnftige Ausbildung neuer Fachkr\u00e4fte<\/strong> in der CuroCon gestellt.\n\nDie Ausbildung junger Menschen ist ein <strong>wichtiges Instrument um immer gr\u00f6\u00dfer werdendem Fachkr\u00e4ftemangel in der Zukunft vorzubeugen <\/strong>und um den betrieblichen Anforderungen entsprechend Nachwuchskr\u00e4fte zu qualifizieren.\n\nDoch ehe ein Betrieb ausbilden kann, muss dieser nachweisen, dass er einen geeigneten Ausbilder besch\u00e4ftigt. <strong>Voraussetzung daf\u00fcr ist die pers\u00f6nliche und fachliche Eignung,<\/strong> die im Rahmen der Ausbildereignungspr\u00fcfung nachgewiesen werden muss.\n\nFrau Bernzen erwarb f\u00fcr die CuroCon GmbH in einem mehrmonatigen berufsbegleitenden Ausbilder-Lehrgang <strong>bei der IHK Darmstadt<\/strong> die <strong>erforderliche berufs- und arbeitsp\u00e4dagogische Eignung.<\/strong> Inhalte des Kurses waren das Planen, Vorbereiten, Durchf\u00fchren und Beenden der Ausbildung. Hier wurde unter anderem auf die Strukturen des Bildungssystems, auf die Eignung der Ausbildungsst\u00e4tte und auf verschiedenste Ausbildungsmethoden bis hin zum erfolgreichen Beenden der Ausbildung eingegangen. Am Ende standen <strong>eine schriftliche und praktische Pr\u00fcfung,<\/strong> die Frau Bernzen als eine der <strong>f\u00fcnf besten Teilnehmer des Lehrgangs absolvierte.<\/strong> Somit hat die CuroCon wirklich gute Voraussetzungen f\u00fcr erfolgreiches Ausbilden.","_et_gb_content_width":"","footnotes":""},"categories":[14],"tags":[],"class_list":["post-2195","post","type-post","status-publish","format-standard","has-post-thumbnail","hentry","category-karriere"],"_links":{"self":[{"href":"https:\/\/www.curocon.de\/en\/wp-json\/wp\/v2\/posts\/2195","targetHints":{"allow":["GET"]}}],"collection":[{"href":"https:\/\/www.curocon.de\/en\/wp-json\/wp\/v2\/posts"}],"about":[{"href":"https:\/\/www.curocon.de\/en\/wp-json\/wp\/v2\/types\/post"}],"author":[{"embeddable":true,"href":"https:\/\/www.curocon.de\/en\/wp-json\/wp\/v2\/users\/4"}],"replies":[{"embeddable":true,"href":"https:\/\/www.curocon.de\/en\/wp-json\/wp\/v2\/comments?post=2195"}],"version-history":[{"count":3,"href":"https:\/\/www.curocon.de\/en\/wp-json\/wp\/v2\/posts\/2195\/revisions"}],"predecessor-version":[{"id":4281,"href":"https:\/\/www.curocon.de\/en\/wp-json\/wp\/v2\/posts\/2195\/revisions\/4281"}],"wp:featuredmedia":[{"embeddable":true,"href":"https:\/\/www.curocon.de\/en\/wp-json\/wp\/v2\/media\/4063"}],"wp:attachment":[{"href":"https:\/\/www.curocon.de\/en\/wp-json\/wp\/v2\/media?parent=2195"}],"wp:term":[{"taxonomy":"category","embeddable":true,"href":"https:\/\/www.curocon.de\/en\/wp-json\/wp\/v2\/categories?post=2195"},{"taxonomy":"post_tag","embeddable":true,"href":"https:\/\/www.curocon.de\/en\/wp-json\/wp\/v2\/tags?post=2195"}],"curies":[{"name":"wp","href":"https:\/\/api.w.org\/{rel}","templated":true}]}}