{"id":2212,"date":"2011-10-18T10:09:11","date_gmt":"2011-10-18T08:09:11","guid":{"rendered":"http:\/\/new.curocon.de\/?p=2212"},"modified":"2021-04-14T09:38:44","modified_gmt":"2021-04-14T07:38:44","slug":"erfolgreicher-start-der-curocon-auf-der-ecartec-2011","status":"publish","type":"post","link":"https:\/\/www.curocon.de\/en\/erfolgreicher-start-der-curocon-auf-der-ecartec-2011\/","title":{"rendered":"Successful start of CuroCon at eCarTec 2011"},"content":{"rendered":"<p>[et_pb_section fb_built=&#8220;1&#8243; admin_label=&#8220;section&#8220; _builder_version=&#8220;3.22&#8243;][et_pb_row admin_label=&#8220;row&#8220; _builder_version=&#8220;3.25&#8243; background_size=&#8220;initial&#8220; background_position=&#8220;top_left&#8220; background_repeat=&#8220;repeat&#8220;][et_pb_column type=&#8220;4_4&#8243; _builder_version=&#8220;3.25&#8243; custom_padding=&#8220;|||&#8220; custom_padding__hover=&#8220;|||&#8220;][et_pb_text admin_label=&#8220;Text&#8220; _builder_version=&#8220;3.27.4&#8243; background_size=&#8220;initial&#8220; background_position=&#8220;top_left&#8220; background_repeat=&#8220;repeat&#8220;]Gemeinsam mit der CuroCon pr\u00e4sentiert sich das von ihr gesponserte <strong>Dart Racing Team<\/strong>, die ihren <strong>elektrisch <\/strong>angetriebenen <strong>Rennwagen<\/strong>, den epsilon-E, ausstellen. Bereits am ersten Tag fand ein <strong>reger Austausch<\/strong> zwischen Messebesuchern, Ausstellern und auch untereinander statt. Interessante Gespr\u00e4che u.a. auch mit <strong>Teilnehmern der s\u00fcdkoreanischen Automotive Initiative<\/strong> werden auch nach Torschluss der Messe vertiefend weiter gef\u00fchrt. <strong>Der Start in die Messewoche sei erfolgreich gelungen<\/strong>, res\u00fcmiert Michael Wi\u00dfbach, Gesch\u00e4ftsf\u00fchrer der CuroCon GmbH. Noch <strong>bis zum 20. Oktober<\/strong> haben Interessierte die M\u00f6glichkeit sich in <strong>Fachgespr\u00e4chen<\/strong> mit Herrn Wi\u00dfbach und Herrn M\u00fcller in Halle A5 am Stand 414 auszutauschen.<strong><br \/>\n<\/strong>[\/et_pb_text][\/et_pb_column][\/et_pb_row][\/et_pb_section]<\/p>\n","protected":false},"excerpt":{"rendered":"<p>Gemeinsam mit der CuroCon pr\u00e4sentiert sich das von ihr gesponserte Dart Racing Team, die ihren elektrisch angetriebenen Rennwagen, den epsilon-E, ausstellen. Bereits am ersten Tag fand ein reger Austausch zwischen Messebesuchern, Ausstellern und auch untereinander statt. Interessante Gespr\u00e4che u.a. auch mit Teilnehmern der s\u00fcdkoreanischen Automotive Initiative werden auch nach Torschluss der Messe vertiefend weiter gef\u00fchrt. [&hellip;]<\/p>\n","protected":false},"author":4,"featured_media":4004,"comment_status":"closed","ping_status":"closed","sticky":false,"template":"","format":"standard","meta":{"_et_pb_use_builder":"on","_et_pb_old_content":"Gemeinsam mit der CuroCon pr\u00e4sentiert sich das von ihr gesponserte <strong>Dart Racing Team<\/strong>, die ihren <strong>elektrisch <\/strong>angetriebenen <strong>Rennwagen<\/strong>, den epsilon-E, ausstellen. Bereits am ersten Tag fand ein <strong>reger Austausch<\/strong> zwischen Messebesuchern, Ausstellern und auch untereinander statt. Interessante Gespr\u00e4che u.a. auch mit <strong>Teilnehmern der s\u00fcdkoreanischen Automotive Initiative<\/strong> werden auch nach Torschluss der Messe vertiefend weiter gef\u00fchrt. <strong>Der Start in die Messewoche sei erfolgreich gelungen<\/strong>, res\u00fcmiert Michael Wi\u00dfbach, Gesch\u00e4ftsf\u00fchrer der CuroCon GmbH. Noch <strong>bis zum 20. Oktober<\/strong> haben Interessierte die M\u00f6glichkeit sich in <strong>Fachgespr\u00e4chen<\/strong> mit Herrn Wi\u00dfbach und Herrn M\u00fcller in Halle A5 am Stand 414 auszutauschen.<strong>\n<\/strong>","_et_gb_content_width":"","footnotes":""},"categories":[12],"tags":[],"class_list":["post-2212","post","type-post","status-publish","format-standard","has-post-thumbnail","hentry","category-messe"],"_links":{"self":[{"href":"https:\/\/www.curocon.de\/en\/wp-json\/wp\/v2\/posts\/2212","targetHints":{"allow":["GET"]}}],"collection":[{"href":"https:\/\/www.curocon.de\/en\/wp-json\/wp\/v2\/posts"}],"about":[{"href":"https:\/\/www.curocon.de\/en\/wp-json\/wp\/v2\/types\/post"}],"author":[{"embeddable":true,"href":"https:\/\/www.curocon.de\/en\/wp-json\/wp\/v2\/users\/4"}],"replies":[{"embeddable":true,"href":"https:\/\/www.curocon.de\/en\/wp-json\/wp\/v2\/comments?post=2212"}],"version-history":[{"count":3,"href":"https:\/\/www.curocon.de\/en\/wp-json\/wp\/v2\/posts\/2212\/revisions"}],"predecessor-version":[{"id":4275,"href":"https:\/\/www.curocon.de\/en\/wp-json\/wp\/v2\/posts\/2212\/revisions\/4275"}],"wp:featuredmedia":[{"embeddable":true,"href":"https:\/\/www.curocon.de\/en\/wp-json\/wp\/v2\/media\/4004"}],"wp:attachment":[{"href":"https:\/\/www.curocon.de\/en\/wp-json\/wp\/v2\/media?parent=2212"}],"wp:term":[{"taxonomy":"category","embeddable":true,"href":"https:\/\/www.curocon.de\/en\/wp-json\/wp\/v2\/categories?post=2212"},{"taxonomy":"post_tag","embeddable":true,"href":"https:\/\/www.curocon.de\/en\/wp-json\/wp\/v2\/tags?post=2212"}],"curies":[{"name":"wp","href":"https:\/\/api.w.org\/{rel}","templated":true}]}}