{"id":2215,"date":"2011-11-11T11:26:16","date_gmt":"2011-11-11T09:26:16","guid":{"rendered":"http:\/\/new.curocon.de\/?p=2215"},"modified":"2021-04-14T09:38:15","modified_gmt":"2021-04-14T07:38:15","slug":"partnerschaft-mit-der-hessischen-landesregierung","status":"publish","type":"post","link":"https:\/\/www.curocon.de\/en\/partnerschaft-mit-der-hessischen-landesregierung\/","title":{"rendered":"Partnership with the Hessian state government"},"content":{"rendered":"<p>[et_pb_section fb_built=&#8220;1&#8243; admin_label=&#8220;section&#8220; _builder_version=&#8220;3.22&#8243;][et_pb_row admin_label=&#8220;row&#8220; _builder_version=&#8220;3.25&#8243; background_size=&#8220;initial&#8220; background_position=&#8220;top_left&#8220; background_repeat=&#8220;repeat&#8220;][et_pb_column type=&#8220;4_4&#8243; _builder_version=&#8220;3.25&#8243; custom_padding=&#8220;|||&#8220; custom_padding__hover=&#8220;|||&#8220;][et_pb_text admin_label=&#8220;Text&#8220; _builder_version=&#8220;3.27.4&#8243; background_size=&#8220;initial&#8220; background_position=&#8220;top_left&#8220; background_repeat=&#8220;repeat&#8220;]Die Hessische Landesregierung m\u00f6chte diese zukunftsweisende Politik unterst\u00fctzen und das Netzwerk der Elektromobilit\u00e4t in Hessen ausbauen und gleichzeitig verst\u00e4rken. <strong>Die CuroCon GmbH wurde aus diesem Grund eingeladen als Partner in der Elektromobilit\u00e4t diesem Netzwerk beizutreten, was wir mit gro\u00dfer Freude angenommen haben.<\/strong><\/p>\n<p>Die Bundesregierung m\u00f6chte in der Zeit von 2012 bis 2015 bis zu f\u00fcnf Schaufensterregionen f\u00f6rdern, deren Leitmotiv die <strong>Erlebbarkeit von Elektromobilit\u00e4t <\/strong>ist. Auch das Land Hessen m\u00f6chte sich als eine <strong>Schaufensterregion Elektromobilit\u00e4t<\/strong> bewerben, an der sich nun auch die CuroCon GmbH mit ihren Ideen und ihrer Elektroaffinit\u00e4t beteiligen kann.<\/p>\n<p>Schon jetzt freuen wir uns auf eine <strong>langanhaltende und konstruktive Partnerschaft<\/strong> mit der Landesregierung im Bereich der Elektromobilit\u00e4t.[\/et_pb_text][\/et_pb_column][\/et_pb_row][\/et_pb_section]<\/p>\n","protected":false},"excerpt":{"rendered":"<p>Die Hessische Landesregierung m\u00f6chte diese zukunftsweisende Politik unterst\u00fctzen und das Netzwerk der Elektromobilit\u00e4t in Hessen ausbauen und gleichzeitig verst\u00e4rken. Die CuroCon GmbH wurde aus diesem Grund eingeladen als Partner in der Elektromobilit\u00e4t diesem Netzwerk beizutreten, was wir mit gro\u00dfer Freude angenommen haben. Die Bundesregierung m\u00f6chte in der Zeit von 2012 bis 2015 bis zu f\u00fcnf [&hellip;]<\/p>\n","protected":false},"author":4,"featured_media":4005,"comment_status":"closed","ping_status":"closed","sticky":false,"template":"","format":"standard","meta":{"_et_pb_use_builder":"on","_et_pb_old_content":"Die Hessische Landesregierung m\u00f6chte diese zukunftsweisende Politik unterst\u00fctzen und das Netzwerk der Elektromobilit\u00e4t in Hessen ausbauen und gleichzeitig verst\u00e4rken. <strong>Die CuroCon GmbH wurde aus diesem Grund eingeladen als Partner in der Elektromobilit\u00e4t diesem Netzwerk beizutreten, was wir mit gro\u00dfer Freude angenommen haben.<\/strong>\n\nDie Bundesregierung m\u00f6chte in der Zeit von 2012 bis 2015 bis zu f\u00fcnf Schaufensterregionen f\u00f6rdern, deren Leitmotiv die <strong>Erlebbarkeit von Elektromobilit\u00e4t <\/strong>ist. Auch das Land Hessen m\u00f6chte sich als eine <strong>Schaufensterregion Elektromobilit\u00e4t<\/strong> bewerben, an der sich nun auch die CuroCon GmbH mit ihren Ideen und ihrer Elektroaffinit\u00e4t beteiligen kann.\n\nSchon jetzt freuen wir uns auf eine <strong>langanhaltende und konstruktive Partnerschaft<\/strong> mit der Landesregierung im Bereich der Elektromobilit\u00e4t.","_et_gb_content_width":"","footnotes":""},"categories":[16],"tags":[],"class_list":["post-2215","post","type-post","status-publish","format-standard","has-post-thumbnail","hentry","category-engagement"],"_links":{"self":[{"href":"https:\/\/www.curocon.de\/en\/wp-json\/wp\/v2\/posts\/2215","targetHints":{"allow":["GET"]}}],"collection":[{"href":"https:\/\/www.curocon.de\/en\/wp-json\/wp\/v2\/posts"}],"about":[{"href":"https:\/\/www.curocon.de\/en\/wp-json\/wp\/v2\/types\/post"}],"author":[{"embeddable":true,"href":"https:\/\/www.curocon.de\/en\/wp-json\/wp\/v2\/users\/4"}],"replies":[{"embeddable":true,"href":"https:\/\/www.curocon.de\/en\/wp-json\/wp\/v2\/comments?post=2215"}],"version-history":[{"count":3,"href":"https:\/\/www.curocon.de\/en\/wp-json\/wp\/v2\/posts\/2215\/revisions"}],"predecessor-version":[{"id":4273,"href":"https:\/\/www.curocon.de\/en\/wp-json\/wp\/v2\/posts\/2215\/revisions\/4273"}],"wp:featuredmedia":[{"embeddable":true,"href":"https:\/\/www.curocon.de\/en\/wp-json\/wp\/v2\/media\/4005"}],"wp:attachment":[{"href":"https:\/\/www.curocon.de\/en\/wp-json\/wp\/v2\/media?parent=2215"}],"wp:term":[{"taxonomy":"category","embeddable":true,"href":"https:\/\/www.curocon.de\/en\/wp-json\/wp\/v2\/categories?post=2215"},{"taxonomy":"post_tag","embeddable":true,"href":"https:\/\/www.curocon.de\/en\/wp-json\/wp\/v2\/tags?post=2215"}],"curies":[{"name":"wp","href":"https:\/\/api.w.org\/{rel}","templated":true}]}}