{"id":2223,"date":"2012-05-12T14:37:36","date_gmt":"2012-05-12T12:37:36","guid":{"rendered":"http:\/\/new.curocon.de\/?p=2223"},"modified":"2021-04-14T09:35:48","modified_gmt":"2021-04-14T07:35:48","slug":"curocon-bei-rheinmaintv-wirtschaft-konkret","status":"publish","type":"post","link":"https:\/\/www.curocon.de\/en\/curocon-bei-rheinmaintv-wirtschaft-konkret\/","title":{"rendered":"CuroCon at rheinmaintv \"Wirtschaft konkret\""},"content":{"rendered":"<p>[et_pb_section fb_built=&#8220;1&#8243; admin_label=&#8220;section&#8220; _builder_version=&#8220;3.22&#8243;][et_pb_row admin_label=&#8220;row&#8220; _builder_version=&#8220;3.25&#8243; background_size=&#8220;initial&#8220; background_position=&#8220;top_left&#8220; background_repeat=&#8220;repeat&#8220;][et_pb_column type=&#8220;4_4&#8243; _builder_version=&#8220;3.25&#8243; custom_padding=&#8220;|||&#8220; custom_padding__hover=&#8220;|||&#8220;][et_pb_text admin_label=&#8220;Text&#8220; _builder_version=&#8220;3.27.4&#8243; background_size=&#8220;initial&#8220; background_position=&#8220;top_left&#8220; background_repeat=&#8220;repeat&#8220;]&#8220;Wirtschaft konkret\u201c des rheinmaintv stellt in Zusammenarbeit mit der IHK Darmstadt <strong>an jedem 1. Montag im Monat um 20:15 Uhr <\/strong>unter der Rubrik <strong>\u201eBesondere Unternehmen in der Engineering Region Darmstadt Rhein-Main-Neckar\u201c <\/strong>innovative Firmen, Forschungseinrichtungen und lokale Initiativen aus der Region vor.<\/p>\n<p><strong>Gesch\u00e4ftsf\u00fchrer Bernhard M\u00fcller<\/strong> betont in seinem Fernsehbeitrag vor allem die Komplexit\u00e4t der Projekte:<\/p>\n<p><em>\u201eWir befassen uns mit Pr\u00fcftechnik, Fahrzeugkomponentenpr\u00fcfung, Fahrzeugpr\u00fcfung in ihrer Gesamtheit der Elektrotechnik &#8211; von der Konzeptionierung \u00fcber Planung, Projektierung, von Me\u00df-, Steuer-, Regelungstechnik \u00fcber Visualisierung, Virtualisierung. Unser <\/em><strong><em>Herausstellungsmerkmal in diesem Bereich ist, dass wir alles aus einer Hand bieten!\u201c<\/em><\/strong><\/p>\n<p><strong>Gerade Klein- und Kleinstunternehmen wie die CuroCon GmbH beeinflussen mit ihrem wissenschaftlichen Know-how die Mobilit\u00e4t von Morgen.<\/strong> Warum die Zukunft der Elektromobilit\u00e4t geh\u00f6rt, macht <strong>Gesch\u00e4ftsf\u00fchrer Michael Wi\u00dfbach<\/strong> deutlich:<\/p>\n<p><em>\u201eWir benutzen selbst Elektroautos, wollen Erfahrungen sammeln und wollen auch zeigen, dass schon lange Elektromobilit\u00e4t m\u00f6glich ist. Wir fahren Autos, die sind schon 10 Jahre alt und trotzdem <strong>komplett alltagstauglich<\/strong> \u2013 haben sich nur noch nicht durchgesetzt. Dabei ist das die neue Chance f\u00fcr die deutsche Automobilindustrie \u2013 und auch die <\/em><strong><em>Chance, von Erd\u00f6l unabh\u00e4ngig zu werden, denn Strom k\u00f6nnen wir z.B. durch Windkraft selbst erzeugen und sind nicht mehr abh\u00e4ngig von anderen Zulieferern.\u201c<\/em> <\/strong><\/p>\n<p>Herr Wi\u00dfbach gibt au\u00dferdem einen Ausblick in die k\u00fcnftigen Projekte der CuroCon GmbH:<\/p>\n<p><em><strong>\u201eIn den n\u00e4chsten 5-10 Jahren werden wir Pr\u00fcftechnik auch rein f\u00fcr den Bereich der E-Mobilit\u00e4t entwickeln.<\/strong> Antriebspr\u00fcfung, Antriebstrang und Batteriepr\u00fcfung sowie eigene Messtechnik f\u00fcr Elektromotoren. Unser CuroControl-System ist daf\u00fcr bereit.\u201c <\/em><\/p>\n<p>Die CuroCon GmbH wird langfristig <strong>eigene Produkte f\u00fcr die E-Mobilit\u00e4t<\/strong> auf den Markt bringen und somit einen erheblichen Beitrag zur Mobilit\u00e4t von Morgen leisten.<\/p>\n<p><strong>Sehen Sie sich den ganzen Fernsehbeitrag an unter &#8222;Wirtschaft konkret 07. Mai 2012&#8220;<\/strong><\/p>\n<div class=\"BorlabsCookie _brlbs-cb-youtube\"><div class=\"_brlbs-content-blocker\"> <div class=\"_brlbs-embed _brlbs-video-youtube\"> <img class=\"_brlbs-thumbnail\" src=\"https:\/\/www.curocon.de\/wp-content\/plugins\/borlabs-cookie\/assets\/images\/cb-no-thumbnail.png\" alt=\"YouTube\"> <div class=\"_brlbs-caption\"> <p>Mit dem Laden des Videos akzeptieren Sie die Datenschutzerkl\u00e4rung von YouTube.<br><a href=\"https:\/\/policies.google.com\/privacy\" target=\"_blank\" rel=\"nofollow noopener noreferrer\">Mehr erfahren<\/a><\/p> <p><a class=\"_brlbs-btn _brlbs-icon-play-white\" href=\"#\" data-borlabs-cookie-unblock role=\"button\">Video laden<\/a><\/p> <p><label><input type=\"checkbox\" name=\"unblockAll\" value=\"1\" checked> <small>YouTube immer entsperren<\/small><\/label><\/p> <\/div> <\/div> <\/div><div class=\"borlabs-hide\" data-borlabs-cookie-type=\"content-blocker\" data-borlabs-cookie-id=\"youtube\"><script type=\"text\/template\">PHA+PGlmcmFtZSBsb2FkaW5nPSJsYXp5IiBzcmM9Imh0dHBzOi8vd3d3LnlvdXR1YmUtbm9jb29raWUuY29tL2VtYmVkL25YaWoyWWhsUEZZIiBhbGxvd2Z1bGxzY3JlZW49ImFsbG93ZnVsbHNjcmVlbiIgd2lkdGg9IjU2MCIgaGVpZ2h0PSIzMTUiIGZyYW1lYm9yZGVyPSIwIj48L2lmcmFtZT4=<\/script><\/div><\/div>[\/et_pb_text][\/et_pb_column][\/et_pb_row][\/et_pb_section]<\/p>\n","protected":false},"excerpt":{"rendered":"<p>&#8222;Wirtschaft konkret\u201c des rheinmaintv stellt in Zusammenarbeit mit der IHK Darmstadt an jedem 1. Montag im Monat um 20:15 Uhr unter der Rubrik \u201eBesondere Unternehmen in der Engineering Region Darmstadt Rhein-Main-Neckar\u201c innovative Firmen, Forschungseinrichtungen und lokale Initiativen aus der Region vor. Gesch\u00e4ftsf\u00fchrer Bernhard M\u00fcller betont in seinem Fernsehbeitrag vor allem die Komplexit\u00e4t der Projekte: \u201eWir [&hellip;]<\/p>\n","protected":false},"author":4,"featured_media":4077,"comment_status":"closed","ping_status":"closed","sticky":false,"template":"","format":"standard","meta":{"_et_pb_use_builder":"on","_et_pb_old_content":"\"Wirtschaft konkret\u201c des rheinmaintv stellt in Zusammenarbeit mit der IHK Darmstadt <strong>an jedem 1. Montag im Monat um 20:15 Uhr <\/strong>unter der Rubrik <strong>\u201eBesondere Unternehmen in der Engineering Region Darmstadt Rhein-Main-Neckar\u201c <\/strong>innovative Firmen, Forschungseinrichtungen und lokale Initiativen aus der Region vor.\n\n<strong>Gesch\u00e4ftsf\u00fchrer Bernhard M\u00fcller<\/strong> betont in seinem Fernsehbeitrag vor allem die Komplexit\u00e4t der Projekte:\n\n<em>\u201eWir befassen uns mit Pr\u00fcftechnik, Fahrzeugkomponentenpr\u00fcfung, Fahrzeugpr\u00fcfung in ihrer Gesamtheit der Elektrotechnik - von der Konzeptionierung \u00fcber Planung, Projektierung, von Me\u00df-, Steuer-, Regelungstechnik \u00fcber Visualisierung, Virtualisierung. Unser <\/em><strong><em>Herausstellungsmerkmal in diesem Bereich ist, dass wir alles aus einer Hand bieten!\u201c<\/em><\/strong>\n\n<strong>Gerade Klein- und Kleinstunternehmen wie die CuroCon GmbH beeinflussen mit ihrem wissenschaftlichen Know-how die Mobilit\u00e4t von Morgen.<\/strong> Warum die Zukunft der Elektromobilit\u00e4t geh\u00f6rt, macht <strong>Gesch\u00e4ftsf\u00fchrer Michael Wi\u00dfbach<\/strong> deutlich:\n\n<em>\u201eWir benutzen selbst Elektroautos, wollen Erfahrungen sammeln und wollen auch zeigen, dass schon lange Elektromobilit\u00e4t m\u00f6glich ist. Wir fahren Autos, die sind schon 10 Jahre alt und trotzdem <strong>komplett alltagstauglich<\/strong> \u2013 haben sich nur noch nicht durchgesetzt. Dabei ist das die neue Chance f\u00fcr die deutsche Automobilindustrie \u2013 und auch die <\/em><strong><em>Chance, von Erd\u00f6l unabh\u00e4ngig zu werden, denn Strom k\u00f6nnen wir z.B. durch Windkraft selbst erzeugen und sind nicht mehr abh\u00e4ngig von anderen Zulieferern.\u201c<\/em> <\/strong>\n\nHerr Wi\u00dfbach gibt au\u00dferdem einen Ausblick in die k\u00fcnftigen Projekte der CuroCon GmbH:\n\n<em><strong>\u201eIn den n\u00e4chsten 5-10 Jahren werden wir Pr\u00fcftechnik auch rein f\u00fcr den Bereich der E-Mobilit\u00e4t entwickeln.<\/strong> Antriebspr\u00fcfung, Antriebstrang und Batteriepr\u00fcfung sowie eigene Messtechnik f\u00fcr Elektromotoren. Unser CuroControl-System ist daf\u00fcr bereit.\u201c <\/em>\n\nDie CuroCon GmbH wird langfristig <strong>eigene Produkte f\u00fcr die E-Mobilit\u00e4t<\/strong> auf den Markt bringen und somit einen erheblichen Beitrag zur Mobilit\u00e4t von Morgen leisten.\n\n<strong>Sehen Sie sich den ganzen Fernsehbeitrag an unter \"Wirtschaft konkret 07. Mai 2012\"<\/strong>\n\n<iframe src=\"https:\/\/www.youtube.com\/embed\/nXij2YhlPFY\" allowfullscreen=\"allowfullscreen\" width=\"560\" height=\"315\" frameborder=\"0\"><\/iframe>","_et_gb_content_width":"","footnotes":""},"categories":[13],"tags":[],"class_list":["post-2223","post","type-post","status-publish","format-standard","has-post-thumbnail","hentry","category-presse"],"_links":{"self":[{"href":"https:\/\/www.curocon.de\/en\/wp-json\/wp\/v2\/posts\/2223","targetHints":{"allow":["GET"]}}],"collection":[{"href":"https:\/\/www.curocon.de\/en\/wp-json\/wp\/v2\/posts"}],"about":[{"href":"https:\/\/www.curocon.de\/en\/wp-json\/wp\/v2\/types\/post"}],"author":[{"embeddable":true,"href":"https:\/\/www.curocon.de\/en\/wp-json\/wp\/v2\/users\/4"}],"replies":[{"embeddable":true,"href":"https:\/\/www.curocon.de\/en\/wp-json\/wp\/v2\/comments?post=2223"}],"version-history":[{"count":4,"href":"https:\/\/www.curocon.de\/en\/wp-json\/wp\/v2\/posts\/2223\/revisions"}],"predecessor-version":[{"id":4266,"href":"https:\/\/www.curocon.de\/en\/wp-json\/wp\/v2\/posts\/2223\/revisions\/4266"}],"wp:featuredmedia":[{"embeddable":true,"href":"https:\/\/www.curocon.de\/en\/wp-json\/wp\/v2\/media\/4077"}],"wp:attachment":[{"href":"https:\/\/www.curocon.de\/en\/wp-json\/wp\/v2\/media?parent=2223"}],"wp:term":[{"taxonomy":"category","embeddable":true,"href":"https:\/\/www.curocon.de\/en\/wp-json\/wp\/v2\/categories?post=2223"},{"taxonomy":"post_tag","embeddable":true,"href":"https:\/\/www.curocon.de\/en\/wp-json\/wp\/v2\/tags?post=2223"}],"curies":[{"name":"wp","href":"https:\/\/api.w.org\/{rel}","templated":true}]}}