{"id":2235,"date":"2012-05-20T09:47:33","date_gmt":"2012-05-20T07:47:33","guid":{"rendered":"http:\/\/new.curocon.de\/?p=2235"},"modified":"2021-04-14T09:35:13","modified_gmt":"2021-04-14T07:35:13","slug":"tag-der-sponsoren-beim-dart-racing","status":"publish","type":"post","link":"https:\/\/www.curocon.de\/en\/tag-der-sponsoren-beim-dart-racing\/","title":{"rendered":"Sponsors' Day at DART Racing"},"content":{"rendered":"<p>[et_pb_section fb_built=&#8220;1&#8243; admin_label=&#8220;section&#8220; _builder_version=&#8220;3.22&#8243;][et_pb_row admin_label=&#8220;row&#8220; _builder_version=&#8220;3.25&#8243; background_size=&#8220;initial&#8220; background_position=&#8220;top_left&#8220; background_repeat=&#8220;repeat&#8220;][et_pb_column type=&#8220;4_4&#8243; _builder_version=&#8220;3.25&#8243; custom_padding=&#8220;|||&#8220; custom_padding__hover=&#8220;|||&#8220;][et_pb_text admin_label=&#8220;Text&#8220; _builder_version=&#8220;3.27.4&#8243; background_size=&#8220;initial&#8220; background_position=&#8220;top_left&#8220; background_repeat=&#8220;repeat&#8220;]In diesem Jahr legt das DART Racing Team seinen Schwerpunkt auf den Elektrorennwagen, der <strong>\u201eKern wird Gr\u00fcn\u201c<\/strong> so das Motto. Das Team sieht hier die Zukunft und wird f\u00fcr 2012 keinen Verbrennerrennwagen entwickeln. \u00dcber die Neuerungen des diesj\u00e4hrigen Elektrorennwagens wurden wir in einem sehr interessanten Vortrag aufgekl\u00e4rt. Aufgrund der <strong>Innovationen ist das neue Modell ganze 10kg leichter geworden als sein Vorg\u00e4nger.<\/strong> Im Anschluss an den Vortrag erlebten wir schlie\u00dflich den H\u00f6hepunkt unseres Tages: <strong> Auf dem Flugplatz in Griesheim wurde uns der Rennwagen des vergangenen Jahres, der zeta2011, unter den Bedingungen des Reglements der Formula Student vorgef\u00fchrt.<\/strong> Drau\u00dfen war es windig, aber trocken und so konnten wir die Vorf\u00fchrung in vollen Z\u00fcgen genie\u00dfen. Leider war der neue Elektrorennwagen noch nicht fertig und konnte uns daher nicht live vorgestellt werden. Umso gespannter erwarten wir das <strong>Rollout des neuen Elektrorennwagens \u201eeta2012\u201c am 21.Mai 2012.<\/strong> Danach wird es ernst f\u00fcr das DART Racing Team: <strong>Am 4. August 2012<\/strong> kann sich das Team <strong>auf dem Rennen der Formula Student in Hockenheim<\/strong> endlich gegen alle anderen teilnehmenden Universit\u00e4ten beweisen und zeigen, was es mit gro\u00dfem Engagement entwickelt hat. <strong>Vom 23. bis 28. August 2012<\/strong> findet dann schlie\u00dflich die <strong>Baltic Open in Darmstadt<\/strong> statt. <strong>Wir dr\u00fccken alle Daumen, dass die Baltic Open Troph\u00e4e in diesem Jahr an das DART Racing Team geht!<\/strong>[\/et_pb_text][\/et_pb_column][\/et_pb_row][\/et_pb_section]<\/p>\n","protected":false},"excerpt":{"rendered":"<p>In diesem Jahr legt das DART Racing Team seinen Schwerpunkt auf den Elektrorennwagen, der \u201eKern wird Gr\u00fcn\u201c so das Motto. Das Team sieht hier die Zukunft und wird f\u00fcr 2012 keinen Verbrennerrennwagen entwickeln. \u00dcber die Neuerungen des diesj\u00e4hrigen Elektrorennwagens wurden wir in einem sehr interessanten Vortrag aufgekl\u00e4rt. Aufgrund der Innovationen ist das neue Modell ganze [&hellip;]<\/p>\n","protected":false},"author":4,"featured_media":4014,"comment_status":"closed","ping_status":"closed","sticky":false,"template":"","format":"standard","meta":{"_et_pb_use_builder":"on","_et_pb_old_content":"In diesem Jahr legt das DART Racing Team seinen Schwerpunkt auf den Elektrorennwagen, der <strong>\u201eKern wird Gr\u00fcn\u201c<\/strong> so das Motto. Das Team sieht hier die Zukunft und wird f\u00fcr 2012 keinen Verbrennerrennwagen entwickeln. \u00dcber die Neuerungen des diesj\u00e4hrigen Elektrorennwagens wurden wir in einem sehr interessanten Vortrag aufgekl\u00e4rt. Aufgrund der <strong>Innovationen ist das neue Modell ganze 10kg leichter geworden als sein Vorg\u00e4nger.<\/strong> Im Anschluss an den Vortrag erlebten wir schlie\u00dflich den H\u00f6hepunkt unseres Tages: <strong> Auf dem Flugplatz in Griesheim wurde uns der Rennwagen des vergangenen Jahres, der zeta2011, unter den Bedingungen des Reglements der Formula Student vorgef\u00fchrt.<\/strong> Drau\u00dfen war es windig, aber trocken und so konnten wir die Vorf\u00fchrung in vollen Z\u00fcgen genie\u00dfen. Leider war der neue Elektrorennwagen noch nicht fertig und konnte uns daher nicht live vorgestellt werden. Umso gespannter erwarten wir das <strong>Rollout des neuen Elektrorennwagens \u201eeta2012\u201c am 21.Mai 2012.<\/strong> Danach wird es ernst f\u00fcr das DART Racing Team: <strong>Am 4. August 2012<\/strong> kann sich das Team <strong>auf dem Rennen der Formula Student in Hockenheim<\/strong> endlich gegen alle anderen teilnehmenden Universit\u00e4ten beweisen und zeigen, was es mit gro\u00dfem Engagement entwickelt hat. <strong>Vom 23. bis 28. August 2012<\/strong> findet dann schlie\u00dflich die <strong>Baltic Open in Darmstadt<\/strong> statt. <strong>Wir dr\u00fccken alle Daumen, dass die Baltic Open Troph\u00e4e in diesem Jahr an das DART Racing Team geht!<\/strong>","_et_gb_content_width":"","footnotes":""},"categories":[16],"tags":[],"class_list":["post-2235","post","type-post","status-publish","format-standard","has-post-thumbnail","hentry","category-engagement"],"_links":{"self":[{"href":"https:\/\/www.curocon.de\/en\/wp-json\/wp\/v2\/posts\/2235","targetHints":{"allow":["GET"]}}],"collection":[{"href":"https:\/\/www.curocon.de\/en\/wp-json\/wp\/v2\/posts"}],"about":[{"href":"https:\/\/www.curocon.de\/en\/wp-json\/wp\/v2\/types\/post"}],"author":[{"embeddable":true,"href":"https:\/\/www.curocon.de\/en\/wp-json\/wp\/v2\/users\/4"}],"replies":[{"embeddable":true,"href":"https:\/\/www.curocon.de\/en\/wp-json\/wp\/v2\/comments?post=2235"}],"version-history":[{"count":3,"href":"https:\/\/www.curocon.de\/en\/wp-json\/wp\/v2\/posts\/2235\/revisions"}],"predecessor-version":[{"id":4264,"href":"https:\/\/www.curocon.de\/en\/wp-json\/wp\/v2\/posts\/2235\/revisions\/4264"}],"wp:featuredmedia":[{"embeddable":true,"href":"https:\/\/www.curocon.de\/en\/wp-json\/wp\/v2\/media\/4014"}],"wp:attachment":[{"href":"https:\/\/www.curocon.de\/en\/wp-json\/wp\/v2\/media?parent=2235"}],"wp:term":[{"taxonomy":"category","embeddable":true,"href":"https:\/\/www.curocon.de\/en\/wp-json\/wp\/v2\/categories?post=2235"},{"taxonomy":"post_tag","embeddable":true,"href":"https:\/\/www.curocon.de\/en\/wp-json\/wp\/v2\/tags?post=2235"}],"curies":[{"name":"wp","href":"https:\/\/api.w.org\/{rel}","templated":true}]}}