{"id":2238,"date":"2012-05-22T09:55:40","date_gmt":"2012-05-22T07:55:40","guid":{"rendered":"http:\/\/new.curocon.de\/?p=2238"},"modified":"2021-04-14T09:33:19","modified_gmt":"2021-04-14T07:33:19","slug":"unser-stand-auf-dem-fruehlingssonntag-in-bensheim","status":"publish","type":"post","link":"https:\/\/www.curocon.de\/en\/unser-stand-auf-dem-fruehlingssonntag-in-bensheim\/","title":{"rendered":"Our booth at the spring sunday in Bensheim"},"content":{"rendered":"<p>[et_pb_section fb_built=&#8220;1&#8243; admin_label=&#8220;section&#8220; _builder_version=&#8220;3.22&#8243;][et_pb_row admin_label=&#8220;row&#8220; _builder_version=&#8220;3.25&#8243; background_size=&#8220;initial&#8220; background_position=&#8220;top_left&#8220; background_repeat=&#8220;repeat&#8220;][et_pb_column type=&#8220;4_4&#8243; _builder_version=&#8220;3.25&#8243; custom_padding=&#8220;|||&#8220; custom_padding__hover=&#8220;|||&#8220;][et_pb_text admin_label=&#8220;Text&#8220; _builder_version=&#8220;3.27.4&#8243; background_size=&#8220;initial&#8220; background_position=&#8220;top_left&#8220; background_repeat=&#8220;repeat&#8220;]Jeder hat bereits von <strong>erneuerbaren Energien <\/strong>geh\u00f6rt, doch kaum jemand kam bereits in den Genuss, selbst ein Elektrofahrzeug oder ein E-Bike zu testen. Auf dem Fr\u00fchlingssonntag am 6. Mai 2012 sollte genau das m\u00f6glich und <strong>Energie \u201eerlebbar\u201c gemacht werden.<\/strong><\/p>\n<p>Daher pr\u00e4sentierte die CuroCon GmbH auf dem Beauner Platz den <strong>Schwerpunkt \u201eElektromobilit\u00e4t\u201c.<\/strong> Neben <strong>unserem Renault Kangoo Elect\u2019road und dem Renault Kangoo Z.E. stellten wir als absolutes Highlight auch unseren neuen Opel Ampera aus. <\/strong> Trotz des stark wechselhaften Wetters und vielen Regeng\u00fcssen war der Fr\u00fchlingssonntag bis zum Ende gut besucht. An unserem Stand bekamen die Besucher neben umfangreichen Informationen zur Elektromobilit\u00e4t die M\u00f6glichkeit, den Ampera hautnah zu erleben. &#8211; <strong>Ein Erlebnis, das man so schnell nicht vergisst!<\/strong>[\/et_pb_text][\/et_pb_column][\/et_pb_row][\/et_pb_section]<\/p>\n","protected":false},"excerpt":{"rendered":"<p>Jeder hat bereits von erneuerbaren Energien geh\u00f6rt, doch kaum jemand kam bereits in den Genuss, selbst ein Elektrofahrzeug oder ein E-Bike zu testen. Auf dem Fr\u00fchlingssonntag am 6. Mai 2012 sollte genau das m\u00f6glich und Energie \u201eerlebbar\u201c gemacht werden. Daher pr\u00e4sentierte die CuroCon GmbH auf dem Beauner Platz den Schwerpunkt \u201eElektromobilit\u00e4t\u201c. Neben unserem Renault Kangoo [&hellip;]<\/p>\n","protected":false},"author":4,"featured_media":4015,"comment_status":"closed","ping_status":"closed","sticky":false,"template":"","format":"standard","meta":{"_et_pb_use_builder":"on","_et_pb_old_content":"Jeder hat bereits von <strong>erneuerbaren Energien <\/strong>geh\u00f6rt, doch kaum jemand kam bereits in den Genuss, selbst ein Elektrofahrzeug oder ein E-Bike zu testen. Auf dem Fr\u00fchlingssonntag am 6. Mai 2012 sollte genau das m\u00f6glich und <strong>Energie \u201eerlebbar\u201c gemacht werden.<\/strong>\n\nDaher pr\u00e4sentierte die CuroCon GmbH auf dem Beauner Platz den <strong>Schwerpunkt \u201eElektromobilit\u00e4t\u201c.<\/strong> Neben <strong>unserem Renault Kangoo Elect\u2019road und dem Renault Kangoo Z.E. stellten wir als absolutes Highlight auch unseren neuen Opel Ampera aus. <\/strong> Trotz des stark wechselhaften Wetters und vielen Regeng\u00fcssen war der Fr\u00fchlingssonntag bis zum Ende gut besucht. An unserem Stand bekamen die Besucher neben umfangreichen Informationen zur Elektromobilit\u00e4t die M\u00f6glichkeit, den Ampera hautnah zu erleben. - <strong>Ein Erlebnis, das man so schnell nicht vergisst!<\/strong>","_et_gb_content_width":"","footnotes":""},"categories":[17],"tags":[],"class_list":["post-2238","post","type-post","status-publish","format-standard","has-post-thumbnail","hentry","category-event"],"_links":{"self":[{"href":"https:\/\/www.curocon.de\/en\/wp-json\/wp\/v2\/posts\/2238","targetHints":{"allow":["GET"]}}],"collection":[{"href":"https:\/\/www.curocon.de\/en\/wp-json\/wp\/v2\/posts"}],"about":[{"href":"https:\/\/www.curocon.de\/en\/wp-json\/wp\/v2\/types\/post"}],"author":[{"embeddable":true,"href":"https:\/\/www.curocon.de\/en\/wp-json\/wp\/v2\/users\/4"}],"replies":[{"embeddable":true,"href":"https:\/\/www.curocon.de\/en\/wp-json\/wp\/v2\/comments?post=2238"}],"version-history":[{"count":3,"href":"https:\/\/www.curocon.de\/en\/wp-json\/wp\/v2\/posts\/2238\/revisions"}],"predecessor-version":[{"id":4261,"href":"https:\/\/www.curocon.de\/en\/wp-json\/wp\/v2\/posts\/2238\/revisions\/4261"}],"wp:featuredmedia":[{"embeddable":true,"href":"https:\/\/www.curocon.de\/en\/wp-json\/wp\/v2\/media\/4015"}],"wp:attachment":[{"href":"https:\/\/www.curocon.de\/en\/wp-json\/wp\/v2\/media?parent=2238"}],"wp:term":[{"taxonomy":"category","embeddable":true,"href":"https:\/\/www.curocon.de\/en\/wp-json\/wp\/v2\/categories?post=2238"},{"taxonomy":"post_tag","embeddable":true,"href":"https:\/\/www.curocon.de\/en\/wp-json\/wp\/v2\/tags?post=2238"}],"curies":[{"name":"wp","href":"https:\/\/api.w.org\/{rel}","templated":true}]}}