{"id":2258,"date":"2012-09-04T10:20:58","date_gmt":"2012-09-04T08:20:58","guid":{"rendered":"http:\/\/new.curocon.de\/?p=2258"},"modified":"2021-04-14T09:30:34","modified_gmt":"2021-04-14T07:30:34","slug":"tag-der-netzwerke-projektkreis-innovation-und-elektromobilitaet","status":"publish","type":"post","link":"https:\/\/www.curocon.de\/en\/tag-der-netzwerke-projektkreis-innovation-und-elektromobilitaet\/","title":{"rendered":"At the Baltic Open in Darmstadt from August 25 to 27, 2012 Day of Networks - Innovation and Electromobility Project Group."},"content":{"rendered":"<p>[et_pb_section fb_built=&#8220;1&#8243; admin_label=&#8220;section&#8220; _builder_version=&#8220;3.22&#8243;][et_pb_row admin_label=&#8220;row&#8220; _builder_version=&#8220;3.25&#8243; background_size=&#8220;initial&#8220; background_position=&#8220;top_left&#8220; background_repeat=&#8220;repeat&#8220;][et_pb_column type=&#8220;4_4&#8243; _builder_version=&#8220;3.25&#8243; custom_padding=&#8220;|||&#8220; custom_padding__hover=&#8220;|||&#8220;][et_pb_text admin_label=&#8220;Text&#8220; _builder_version=&#8220;3.27.4&#8243; background_size=&#8220;initial&#8220; background_position=&#8220;top_left&#8220; background_repeat=&#8220;repeat&#8220;]Der <strong>Tag der Netzwerke <\/strong>bot als Kooperationsveranstaltung der Netzwerke \u201eAutomatisierungsregion Rhein Main Neckar\u201c und \u201eElektromobilit\u00e4t Darmstadt Rhein Main Neckar\u201c, dem Arbeitskreis \u201eVersand und Logistik\u201c, des Unternehmensnetzwerks \u201eIT for work\u201c sowie des \u201eAutomotive Cluster Rhein Main Neckar\u201c den Unternehmen die Gelegenheit, sich \u00fcber die <strong> Vorteile einer Kooperation mit Wettbewerbern zu informieren, Kontakte zu kn\u00fcpfen und sich Netzwerk \u00fcbergreifend auszutauschen.<\/strong><\/p>\n<p>Nach einer spannenden Einf\u00fchrung ins Thema des Tages konnten sich die Teilnehmer verschiedene Vortr\u00e4ge anh\u00f6ren und sich in einer <strong> Ausstellung \u00fcber die \u201eKompetenzen der Engineering Region\u201c und \u00fcber Elektroautos<\/strong> informieren.<\/p>\n<p><img loading=\"lazy\" decoding=\"async\" class=\"alignnone  wp-image-4026\" src=\"https:\/\/www.curocon.de\/wp-content\/uploads\/2012\/09\/tag-der-netzwerke_sk_elektroautos-300x216.jpg\" alt=\"\" width=\"342\" height=\"246\" srcset=\"https:\/\/www.curocon.de\/wp-content\/uploads\/2012\/09\/tag-der-netzwerke_sk_elektroautos-300x216.jpg 300w, https:\/\/www.curocon.de\/wp-content\/uploads\/2012\/09\/tag-der-netzwerke_sk_elektroautos-16x12.jpg 16w, https:\/\/www.curocon.de\/wp-content\/uploads\/2012\/09\/tag-der-netzwerke_sk_elektroautos.jpg 448w\" sizes=\"(max-width: 342px) 100vw, 342px\" \/><\/p>\n<p>Die <strong>CuroCon GmbH<\/strong> stellte auf dem Gel\u00e4nde der IHK in Darmstadt die <strong>firmeneigenen Elektroautos aus, den Opel Ampera und den Renault Kangoo mit eingebauter mobiler Messtechnik.&nbsp; <\/strong><\/p>\n<p><strong>Michael Wi\u00dfbach hielt als Leiter des Projektkreises Innovation den Vortrag \u00fcber das Automotive Cluster Rhein Main Neckar und \u00fcber seinen Projektkreis. <\/strong><\/p>\n<p><img loading=\"lazy\" decoding=\"async\" class=\"alignnone  wp-image-4027\" src=\"https:\/\/www.curocon.de\/wp-content\/uploads\/2012\/09\/wb_vortrag0-300x156.jpg\" alt=\"\" width=\"344\" height=\"179\"><\/p>\n<p>Er gab den Zuh\u00f6rern einen <strong>Einblick in die Arbeit und die innovativen Ideen des Projektkreises Innovation.<\/strong> Hierzu geh\u00f6ren beispielsweise Ma\u00dfnahmen zur Verbesserung des Komforts im Umgang mit Elektroautos. Soll unsere Zukunft elektrisch sein, m\u00fcssen zun\u00e4chst die M\u00f6glichkeiten zum komfortablen Laden erweitert und verbessert werden, beispielsweise durch automatisches Laden oder den Wechsel der Batterie an Akkuwechselstationen.<\/p>\n<p><strong>\u201eIn Zukunft wird man mit Elektroaut<\/strong><strong>os <\/strong><strong>f<\/strong><strong>ahren<\/strong><strong> k\u00f6nnen, ohne<\/strong><strong> sich Gedanken zu machen, wie die Energie in das Fahrzeug kommt.\u201c &#8211; Das ist eines der Ziele, auf das im Projektkreis Innovation hingearbeitet wird.<\/strong><\/p>\n<p>Die einzigartig gestaltete Pr\u00e4sentation des Vortrags von Herrn Wi\u00dfbach k\u00f6nnen sie sich <a href=\"http:\/\/prezi.com\/syaep96m_tcd\/pk-innovation-des-automotive-cluster-rheinmainneckar\/\">hier <\/a>ansehen.<\/p>\n<p>Im Anschluss an die Vortr\u00e4ge wurden verschiedene <strong>Firmenbesuche<\/strong> angeboten. Die CuroCon GmbH besichtigte das Werk von <strong>Continental in Babenhausen.<\/strong> Das Werk ist bekannt f\u00fcr die Herstellung von Tachometern und zeichnet sich vor allem durch eine hohe Fertigungstiefe aus. In Kleingruppen erlebten wir eine interessante F\u00fchrung durch die verschiedenen Bereiche des Unternehmens und bekamen einen Einblick in die komplexe Herstellung eines Tachometers. Beeindruckt haben uns die <strong>automatisierten Anlagen mit Taktzeiten von gerade einmal 0,7 Sekunden<\/strong> zur Herstellung einer Spule f\u00fcr den Antrieb eines Zeigerinstruments.<\/p>\n<p>Beim anschlie\u00dfenden Barbecue konnten nochmals ausf\u00fchrlichere Gespr\u00e4che gef\u00fchrt und vertieft werden.<\/p>\n<p><strong>F\u00fcr die CuroCon GmbH haben sich alle Erwartungen an den Tag der Netzwerke erf\u00fcllt:<\/strong> Die Vorteile einer Kooperation zwischen Unternehmen des gleichen oder eines \u00e4hnliches Gebietes wurden verdeutlicht, neue Kontakte gekn\u00fcpft, aber vor allem ergaben sich <strong> \u00e4u\u00dferst interessante und aufschlussreiche Gespr\u00e4che \u00fcber die Elektromobilit\u00e4t, die einzigartige Messtechnik im Renault Kangoo und auch \u00fcber Antriebsstrang- und Fahrzeugsimulationen.<\/strong><\/p>\n<p><img loading=\"lazy\" decoding=\"async\" class=\"alignnone size-medium wp-image-4028\" src=\"https:\/\/www.curocon.de\/wp-content\/uploads\/2012\/09\/wb_gespraech-300x186.jpg\" alt=\"\" width=\"300\" height=\"186\">[\/et_pb_text][\/et_pb_column][\/et_pb_row][\/et_pb_section]<\/p>\n","protected":false},"excerpt":{"rendered":"<p>Der Tag der Netzwerke bot als Kooperationsveranstaltung der Netzwerke \u201eAutomatisierungsregion Rhein Main Neckar\u201c und \u201eElektromobilit\u00e4t Darmstadt Rhein Main Neckar\u201c, dem Arbeitskreis \u201eVersand und Logistik\u201c, des Unternehmensnetzwerks \u201eIT for work\u201c sowie des \u201eAutomotive Cluster Rhein Main Neckar\u201c den Unternehmen die Gelegenheit, sich \u00fcber die Vorteile einer Kooperation mit Wettbewerbern zu informieren, Kontakte zu kn\u00fcpfen und sich [&hellip;]<\/p>\n","protected":false},"author":4,"featured_media":4026,"comment_status":"open","ping_status":"open","sticky":false,"template":"","format":"standard","meta":{"_et_pb_use_builder":"on","_et_pb_old_content":"Der <strong>Tag der Netzwerke <\/strong>bot als Kooperationsveranstaltung der Netzwerke \u201eAutomatisierungsregion Rhein Main Neckar\u201c und \u201eElektromobilit\u00e4t Darmstadt Rhein Main Neckar\u201c, dem Arbeitskreis \u201eVersand und Logistik\u201c, des Unternehmensnetzwerks \u201eIT for work\u201c sowie des \u201eAutomotive Cluster Rhein Main Neckar\u201c den Unternehmen die Gelegenheit, sich \u00fcber die <strong> Vorteile einer Kooperation mit Wettbewerbern zu informieren, Kontakte zu kn\u00fcpfen und sich Netzwerk \u00fcbergreifend auszutauschen.<\/strong>\n\nNach einer spannenden Einf\u00fchrung ins Thema des Tages konnten sich die Teilnehmer verschiedene Vortr\u00e4ge anh\u00f6ren und sich in einer <strong> Ausstellung \u00fcber die \u201eKompetenzen der Engineering Region\u201c und \u00fcber Elektroautos<\/strong> informieren.\n\n<img class=\"alignnone  wp-image-4026\" src=\"https:\/\/www.curocon.de\/wp-content\/uploads\/2012\/09\/tag-der-netzwerke_sk_elektroautos-300x216.jpg\" alt=\"\" width=\"342\" height=\"246\">\n\nDie <strong>CuroCon GmbH<\/strong> stellte auf dem Gel\u00e4nde der IHK in Darmstadt die <strong>firmeneigenen Elektroautos aus, den Opel Ampera und den Renault Kangoo mit eingebauter mobiler Messtechnik.&nbsp; <\/strong>\n\n<strong>Michael Wi\u00dfbach hielt als Leiter des Projektkreises Innovation den Vortrag \u00fcber das Automotive Cluster Rhein Main Neckar und \u00fcber seinen Projektkreis. <\/strong>\n\n<img class=\"alignnone  wp-image-4027\" src=\"https:\/\/www.curocon.de\/wp-content\/uploads\/2012\/09\/wb_vortrag0-300x156.jpg\" alt=\"\" width=\"344\" height=\"179\">\n\nEr gab den Zuh\u00f6rern einen <strong>Einblick in die Arbeit und die innovativen Ideen des Projektkreises Innovation.<\/strong> Hierzu geh\u00f6ren beispielsweise Ma\u00dfnahmen zur Verbesserung des Komforts im Umgang mit Elektroautos. Soll unsere Zukunft elektrisch sein, m\u00fcssen zun\u00e4chst die M\u00f6glichkeiten zum komfortablen Laden erweitert und verbessert werden, beispielsweise durch automatisches Laden oder den Wechsel der Batterie an Akkuwechselstationen.\n\n<strong>\u201eIn Zukunft wird man mit Elektroaut<\/strong><strong>os <\/strong><strong>f<\/strong><strong>ahren<\/strong><strong> k\u00f6nnen, ohne<\/strong><strong> sich Gedanken zu machen, wie die Energie in das Fahrzeug kommt.\u201c - Das ist eines der Ziele, auf das im Projektkreis Innovation hingearbeitet wird.<\/strong>\n\nDie einzigartig gestaltete Pr\u00e4sentation des Vortrags von Herrn Wi\u00dfbach k\u00f6nnen sie sich <a href=\"http:\/\/prezi.com\/syaep96m_tcd\/pk-innovation-des-automotive-cluster-rheinmainneckar\/\">hier <\/a>ansehen.\n\nIm Anschluss an die Vortr\u00e4ge wurden verschiedene <strong>Firmenbesuche<\/strong> angeboten. Die CuroCon GmbH besichtigte das Werk von <strong>Continental in Babenhausen.<\/strong> Das Werk ist bekannt f\u00fcr die Herstellung von Tachometern und zeichnet sich vor allem durch eine hohe Fertigungstiefe aus. In Kleingruppen erlebten wir eine interessante F\u00fchrung durch die verschiedenen Bereiche des Unternehmens und bekamen einen Einblick in die komplexe Herstellung eines Tachometers. Beeindruckt haben uns die <strong>automatisierten Anlagen mit Taktzeiten von gerade einmal 0,7 Sekunden<\/strong> zur Herstellung einer Spule f\u00fcr den Antrieb eines Zeigerinstruments.\n\nBeim anschlie\u00dfenden Barbecue konnten nochmals ausf\u00fchrlichere Gespr\u00e4che gef\u00fchrt und vertieft werden.\n\n<strong>F\u00fcr die CuroCon GmbH haben sich alle Erwartungen an den Tag der Netzwerke erf\u00fcllt:<\/strong> Die Vorteile einer Kooperation zwischen Unternehmen des gleichen oder eines \u00e4hnliches Gebietes wurden verdeutlicht, neue Kontakte gekn\u00fcpft, aber vor allem ergaben sich <strong> \u00e4u\u00dferst interessante und aufschlussreiche Gespr\u00e4che \u00fcber die Elektromobilit\u00e4t, die einzigartige Messtechnik im Renault Kangoo und auch \u00fcber Antriebsstrang- und Fahrzeugsimulationen.<\/strong>\n\n<img class=\"alignnone size-medium wp-image-4028\" src=\"https:\/\/www.curocon.de\/wp-content\/uploads\/2012\/09\/wb_gespraech-300x186.jpg\" alt=\"\" width=\"300\" height=\"186\">","_et_gb_content_width":"","footnotes":""},"categories":[17],"tags":[],"class_list":["post-2258","post","type-post","status-publish","format-standard","has-post-thumbnail","hentry","category-event"],"_links":{"self":[{"href":"https:\/\/www.curocon.de\/en\/wp-json\/wp\/v2\/posts\/2258","targetHints":{"allow":["GET"]}}],"collection":[{"href":"https:\/\/www.curocon.de\/en\/wp-json\/wp\/v2\/posts"}],"about":[{"href":"https:\/\/www.curocon.de\/en\/wp-json\/wp\/v2\/types\/post"}],"author":[{"embeddable":true,"href":"https:\/\/www.curocon.de\/en\/wp-json\/wp\/v2\/users\/4"}],"replies":[{"embeddable":true,"href":"https:\/\/www.curocon.de\/en\/wp-json\/wp\/v2\/comments?post=2258"}],"version-history":[{"count":5,"href":"https:\/\/www.curocon.de\/en\/wp-json\/wp\/v2\/posts\/2258\/revisions"}],"predecessor-version":[{"id":4253,"href":"https:\/\/www.curocon.de\/en\/wp-json\/wp\/v2\/posts\/2258\/revisions\/4253"}],"wp:featuredmedia":[{"embeddable":true,"href":"https:\/\/www.curocon.de\/en\/wp-json\/wp\/v2\/media\/4026"}],"wp:attachment":[{"href":"https:\/\/www.curocon.de\/en\/wp-json\/wp\/v2\/media?parent=2258"}],"wp:term":[{"taxonomy":"category","embeddable":true,"href":"https:\/\/www.curocon.de\/en\/wp-json\/wp\/v2\/categories?post=2258"},{"taxonomy":"post_tag","embeddable":true,"href":"https:\/\/www.curocon.de\/en\/wp-json\/wp\/v2\/tags?post=2258"}],"curies":[{"name":"wp","href":"https:\/\/api.w.org\/{rel}","templated":true}]}}