{"id":2277,"date":"2014-06-13T10:30:48","date_gmt":"2014-06-13T08:30:48","guid":{"rendered":"http:\/\/new.curocon.de\/?p=2277"},"modified":"2021-04-14T09:28:47","modified_gmt":"2021-04-14T07:28:47","slug":"betriebliche-gesundheitsfoerderung-bei-der-curocon-gmbh","status":"publish","type":"post","link":"https:\/\/www.curocon.de\/en\/betriebliche-gesundheitsfoerderung-bei-der-curocon-gmbh\/","title":{"rendered":"Workplace health promotion at CuroCon GmbH"},"content":{"rendered":"<p>[et_pb_section fb_built=&#8220;1&#8243; admin_label=&#8220;section&#8220; _builder_version=&#8220;3.22&#8243;][et_pb_row admin_label=&#8220;row&#8220; _builder_version=&#8220;3.25&#8243; background_size=&#8220;initial&#8220; background_position=&#8220;top_left&#8220; background_repeat=&#8220;repeat&#8220;][et_pb_column type=&#8220;4_4&#8243; _builder_version=&#8220;3.25&#8243; custom_padding=&#8220;|||&#8220; custom_padding__hover=&#8220;|||&#8220;][et_pb_text admin_label=&#8220;Text&#8220; _builder_version=&#8220;3.27.4&#8243; background_size=&#8220;initial&#8220; background_position=&#8220;top_left&#8220; background_repeat=&#8220;repeat&#8220;]Die CuroCon hat auch diesbez\u00fcglich ihre <strong>Verantwortung f\u00fcr ihre Mitarbeiter l\u00e4ngst erkannt<\/strong> und m\u00f6chte \u00fcber zus\u00e4tzliche betriebliche Gesundheitsf\u00f6rderungsma\u00dfnahmen weiteres dazu beitragen. Somit wird bei CuroCon<strong> das bestehende gute Arbeits- und Betriebsklima weiter ausgebaut<\/strong> und um zus\u00e4tzliche Wohlf\u00fchlfaktoren im Sinne des Teamgeists und der Gesundheit der Mitarbeiter erweitert.<\/p>\n<h2>Aktuelle Situation<\/h2>\n<p>Zurzeit stellt die CuroCon ihren Mitarbeiter bereits<strong> moderne B\u00fcror\u00e4ume samt Ruheraum<\/strong>, sowie <strong>ergonomisch wertvolle Arbeitspl\u00e4tze zur Verf\u00fcgung<\/strong> und sorgt somit f\u00fcr das Wohlbefinden jedes Einzelnen. Weiterhin sind<strong> flexible Arbeitszeiten <\/strong>und <strong>Gleitzeit, <\/strong>sowie die <strong>kostenfreie Stellung von Getr\u00e4nken wie Wasser, Kaffee oder Tee im B\u00fcro bereits seit Jahren <\/strong>etabliert und <strong>gemeinsame Fitnessveranstaltungen<\/strong> wie die Teilnahme am <strong>Bensheimer Jog\u00b4n Rock-Halbmarathon<\/strong> oder am <strong>Staffelmarathon in Frankfurt<\/strong> ebenfalls zu erw\u00e4hnen.<\/p>\n<h2>Zuk\u00fcnftige T\u00e4tigkeiten<\/h2>\n<p>All dies soll jetzt zum Einen zus\u00e4tzlich um die M\u00f6glichkeit von <strong>quartalsm\u00e4\u00dfigen gemeinsamen Gesundheitsf\u00f6rderungsaktionen oder die Unterst\u00fctzung bei aktiver Mitgliedschaft in regionalen Fitnessstudios erweitert werden<\/strong> und zum Anderen startet parallel dazu bei CuroCon ein <strong>Pilotprojekt in Sachen \u201eMittagstisch\u201c<\/strong>, um in Zeiten von Fastfood und Schnell-Imbiss mehr <strong>auf gesunde und ausgewogene Ern\u00e4hrung zu achten.<\/strong> Da das Essen inzwischen leider meist schnell und ohne gro\u00dfen Aufwand auf den Tisch soll, kann dies auf Dauer auch unsere Gesundheit belasten. Daher gibt es einmal pro Woche bei einem gemeinsamen Mittagstisch <strong>frische saisonale Zutaten aus der Region.<\/strong> Das Mittagessen wird aus einer Vorspeise, einem Hauptgericht und einer Nachspeise bestehen und wird in nat\u00fcrlichem Zustand angeliefert und direkt in der b\u00fcroeigenen K\u00fcche vor dem Verzehr gegart.<\/p>\n<p>Und zu guter Letzt und getreu dem Motto <strong>\u201eAn Apple a day keeps the doctor away\u201c <\/strong>wird die CuroCon ihren Mitarbeitern <strong>regelm\u00e4\u00dfig \u201eObst der Saison und aus der Region\u201c zur Verf\u00fcgung stellen<\/strong> um die Abwehrkr\u00e4fte zu st\u00e4rken und mit ausreichend Vitaminen versorgt zu sein um die vielf\u00e4ltigen aber interessanten Aufgaben im Arbeitsalltag zu bew\u00e4ltigen. <strong>Auch interessiert an uns und Ihrer Gesundheit, dann schauen Sie doch einfach unter unserer Rubrik \u201eKarriere\u201c nach aktuellen Stellenanzeigen\u2026! <\/strong>[\/et_pb_text][\/et_pb_column][\/et_pb_row][\/et_pb_section]<\/p>\n","protected":false},"excerpt":{"rendered":"<p>Die CuroCon hat auch diesbez\u00fcglich ihre Verantwortung f\u00fcr ihre Mitarbeiter l\u00e4ngst erkannt und m\u00f6chte \u00fcber zus\u00e4tzliche betriebliche Gesundheitsf\u00f6rderungsma\u00dfnahmen weiteres dazu beitragen. Somit wird bei CuroCon das bestehende gute Arbeits- und Betriebsklima weiter ausgebaut und um zus\u00e4tzliche Wohlf\u00fchlfaktoren im Sinne des Teamgeists und der Gesundheit der Mitarbeiter erweitert. Aktuelle Situation Zurzeit stellt die CuroCon ihren Mitarbeiter [&hellip;]<\/p>\n","protected":false},"author":4,"featured_media":3209,"comment_status":"open","ping_status":"open","sticky":false,"template":"","format":"standard","meta":{"_et_pb_use_builder":"on","_et_pb_old_content":"Die CuroCon hat auch diesbez\u00fcglich ihre <strong>Verantwortung f\u00fcr ihre Mitarbeiter l\u00e4ngst erkannt<\/strong> und m\u00f6chte \u00fcber zus\u00e4tzliche betriebliche Gesundheitsf\u00f6rderungsma\u00dfnahmen weiteres dazu beitragen. Somit wird bei CuroCon<strong> das bestehende gute Arbeits- und Betriebsklima weiter ausgebaut<\/strong> und um zus\u00e4tzliche Wohlf\u00fchlfaktoren im Sinne des Teamgeists und der Gesundheit der Mitarbeiter erweitert.\n<h2>Aktuelle Situation<\/h2>\nZurzeit stellt die CuroCon ihren Mitarbeiter bereits<strong> moderne B\u00fcror\u00e4ume samt Ruheraum<\/strong>, sowie <strong>ergonomisch wertvolle Arbeitspl\u00e4tze zur Verf\u00fcgung<\/strong> und sorgt somit f\u00fcr das Wohlbefinden jedes Einzelnen. Weiterhin sind<strong> flexible Arbeitszeiten <\/strong>und <strong>Gleitzeit, <\/strong>sowie die <strong>kostenfreie Stellung von Getr\u00e4nken wie Wasser, Kaffee oder Tee im B\u00fcro bereits seit Jahren <\/strong>etabliert und <strong>gemeinsame Fitnessveranstaltungen<\/strong> wie die Teilnahme am <strong>Bensheimer Jog\u00b4n Rock-Halbmarathon<\/strong> oder am <strong>Staffelmarathon in Frankfurt<\/strong> ebenfalls zu erw\u00e4hnen.\n<h2>Zuk\u00fcnftige T\u00e4tigkeiten<\/h2>\nAll dies soll jetzt zum Einen zus\u00e4tzlich um die M\u00f6glichkeit von <strong>quartalsm\u00e4\u00dfigen gemeinsamen Gesundheitsf\u00f6rderungsaktionen oder die Unterst\u00fctzung bei aktiver Mitgliedschaft in regionalen Fitnessstudios erweitert werden<\/strong> und zum Anderen startet parallel dazu bei CuroCon ein <strong>Pilotprojekt in Sachen \u201eMittagstisch\u201c<\/strong>, um in Zeiten von Fastfood und Schnell-Imbiss mehr <strong>auf gesunde und ausgewogene Ern\u00e4hrung zu achten.<\/strong> Da das Essen inzwischen leider meist schnell und ohne gro\u00dfen Aufwand auf den Tisch soll, kann dies auf Dauer auch unsere Gesundheit belasten. Daher gibt es einmal pro Woche bei einem gemeinsamen Mittagstisch <strong>frische saisonale Zutaten aus der Region.<\/strong> Das Mittagessen wird aus einer Vorspeise, einem Hauptgericht und einer Nachspeise bestehen und wird in nat\u00fcrlichem Zustand angeliefert und direkt in der b\u00fcroeigenen K\u00fcche vor dem Verzehr gegart.\n\nUnd zu guter Letzt und getreu dem Motto <strong>\u201eAn Apple a day keeps the doctor away\u201c <\/strong>wird die CuroCon ihren Mitarbeitern <strong>regelm\u00e4\u00dfig \u201eObst der Saison und aus der Region\u201c zur Verf\u00fcgung stellen<\/strong> um die Abwehrkr\u00e4fte zu st\u00e4rken und mit ausreichend Vitaminen versorgt zu sein um die vielf\u00e4ltigen aber interessanten Aufgaben im Arbeitsalltag zu bew\u00e4ltigen. <strong>Auch interessiert an uns und Ihrer Gesundheit, dann schauen Sie doch einfach unter unserer Rubrik \u201eKarriere\u201c nach aktuellen Stellenanzeigen\u2026! <\/strong>","_et_gb_content_width":"","footnotes":""},"categories":[18],"tags":[],"class_list":["post-2277","post","type-post","status-publish","format-standard","has-post-thumbnail","hentry","category-fitness"],"_links":{"self":[{"href":"https:\/\/www.curocon.de\/en\/wp-json\/wp\/v2\/posts\/2277","targetHints":{"allow":["GET"]}}],"collection":[{"href":"https:\/\/www.curocon.de\/en\/wp-json\/wp\/v2\/posts"}],"about":[{"href":"https:\/\/www.curocon.de\/en\/wp-json\/wp\/v2\/types\/post"}],"author":[{"embeddable":true,"href":"https:\/\/www.curocon.de\/en\/wp-json\/wp\/v2\/users\/4"}],"replies":[{"embeddable":true,"href":"https:\/\/www.curocon.de\/en\/wp-json\/wp\/v2\/comments?post=2277"}],"version-history":[{"count":3,"href":"https:\/\/www.curocon.de\/en\/wp-json\/wp\/v2\/posts\/2277\/revisions"}],"predecessor-version":[{"id":4247,"href":"https:\/\/www.curocon.de\/en\/wp-json\/wp\/v2\/posts\/2277\/revisions\/4247"}],"wp:featuredmedia":[{"embeddable":true,"href":"https:\/\/www.curocon.de\/en\/wp-json\/wp\/v2\/media\/3209"}],"wp:attachment":[{"href":"https:\/\/www.curocon.de\/en\/wp-json\/wp\/v2\/media?parent=2277"}],"wp:term":[{"taxonomy":"category","embeddable":true,"href":"https:\/\/www.curocon.de\/en\/wp-json\/wp\/v2\/categories?post=2277"},{"taxonomy":"post_tag","embeddable":true,"href":"https:\/\/www.curocon.de\/en\/wp-json\/wp\/v2\/tags?post=2277"}],"curies":[{"name":"wp","href":"https:\/\/api.w.org\/{rel}","templated":true}]}}