{"id":2281,"date":"2014-10-20T10:32:03","date_gmt":"2014-10-20T08:32:03","guid":{"rendered":"http:\/\/new.curocon.de\/?p=2281"},"modified":"2021-04-14T09:28:18","modified_gmt":"2021-04-14T07:28:18","slug":"jog-and-rock","status":"publish","type":"post","link":"https:\/\/www.curocon.de\/en\/jog-and-rock\/","title":{"rendered":"Jog and Rock"},"content":{"rendered":"<p>[et_pb_section fb_built=&#8220;1&#8243; admin_label=&#8220;section&#8220; _builder_version=&#8220;3.22&#8243;][et_pb_row admin_label=&#8220;row&#8220; _builder_version=&#8220;3.25&#8243; background_size=&#8220;initial&#8220; background_position=&#8220;top_left&#8220; background_repeat=&#8220;repeat&#8220;][et_pb_column type=&#8220;4_4&#8243; _builder_version=&#8220;3.25&#8243; custom_padding=&#8220;|||&#8220; custom_padding__hover=&#8220;|||&#8220;][et_pb_text admin_label=&#8220;Text&#8220; _builder_version=&#8220;3.27.4&#8243; background_size=&#8220;initial&#8220; background_position=&#8220;top_left&#8220; background_repeat=&#8220;repeat&#8220;]Der Startschuss f\u00fcr den 10-km-Lauf des Jog and Rock Events fiel um 09:45 Uhr am Bensheimer Marktplatz. Nach 49:46 Minuten kam W. Klass als Erster unseres Teams ins Ziel. Bald darauf erreichten auch B. M\u00fcller (55:42) und P. Stark (56:52) die Ziellinie, wo Sie schon von jubelnden Fans erwartet wurden und Ihre Medaillen erhielten.<\/p>\n<p>Gleich nach dem Lauf lud CuroCon alle Arbeitskollegen mit Partnern und Begleitung zum Grillen ein. In geselliger Runde und bei sch\u00f6nstem Sonnenschein wurden die Leistungen gefeiert und Pl\u00e4ne f\u00fcr die n\u00e4chste Saison geschmiedet.[\/et_pb_text][\/et_pb_column][\/et_pb_row][\/et_pb_section]<\/p>\n","protected":false},"excerpt":{"rendered":"<p>Der Startschuss f\u00fcr den 10-km-Lauf des Jog and Rock Events fiel um 09:45 Uhr am Bensheimer Marktplatz. Nach 49:46 Minuten kam W. Klass als Erster unseres Teams ins Ziel. Bald darauf erreichten auch B. M\u00fcller (55:42) und P. Stark (56:52) die Ziellinie, wo Sie schon von jubelnden Fans erwartet wurden und Ihre Medaillen erhielten. Gleich [&hellip;]<\/p>\n","protected":false},"author":4,"featured_media":4068,"comment_status":"open","ping_status":"open","sticky":false,"template":"","format":"standard","meta":{"_et_pb_use_builder":"on","_et_pb_old_content":"Der Startschuss f\u00fcr den 10-km-Lauf des Jog and Rock Events fiel um 09:45 Uhr am Bensheimer Marktplatz. Nach 49:46 Minuten kam W. Klass als Erster unseres Teams ins Ziel. Bald darauf erreichten auch B. M\u00fcller (55:42) und P. Stark (56:52) die Ziellinie, wo Sie schon von jubelnden Fans erwartet wurden und Ihre Medaillen erhielten.\n\nGleich nach dem Lauf lud CuroCon alle Arbeitskollegen mit Partnern und Begleitung zum Grillen ein. In geselliger Runde und bei sch\u00f6nstem Sonnenschein wurden die Leistungen gefeiert und Pl\u00e4ne f\u00fcr die n\u00e4chste Saison geschmiedet.","_et_gb_content_width":"","footnotes":""},"categories":[17],"tags":[],"class_list":["post-2281","post","type-post","status-publish","format-standard","has-post-thumbnail","hentry","category-event"],"_links":{"self":[{"href":"https:\/\/www.curocon.de\/en\/wp-json\/wp\/v2\/posts\/2281","targetHints":{"allow":["GET"]}}],"collection":[{"href":"https:\/\/www.curocon.de\/en\/wp-json\/wp\/v2\/posts"}],"about":[{"href":"https:\/\/www.curocon.de\/en\/wp-json\/wp\/v2\/types\/post"}],"author":[{"embeddable":true,"href":"https:\/\/www.curocon.de\/en\/wp-json\/wp\/v2\/users\/4"}],"replies":[{"embeddable":true,"href":"https:\/\/www.curocon.de\/en\/wp-json\/wp\/v2\/comments?post=2281"}],"version-history":[{"count":3,"href":"https:\/\/www.curocon.de\/en\/wp-json\/wp\/v2\/posts\/2281\/revisions"}],"predecessor-version":[{"id":4245,"href":"https:\/\/www.curocon.de\/en\/wp-json\/wp\/v2\/posts\/2281\/revisions\/4245"}],"wp:featuredmedia":[{"embeddable":true,"href":"https:\/\/www.curocon.de\/en\/wp-json\/wp\/v2\/media\/4068"}],"wp:attachment":[{"href":"https:\/\/www.curocon.de\/en\/wp-json\/wp\/v2\/media?parent=2281"}],"wp:term":[{"taxonomy":"category","embeddable":true,"href":"https:\/\/www.curocon.de\/en\/wp-json\/wp\/v2\/categories?post=2281"},{"taxonomy":"post_tag","embeddable":true,"href":"https:\/\/www.curocon.de\/en\/wp-json\/wp\/v2\/tags?post=2281"}],"curies":[{"name":"wp","href":"https:\/\/api.w.org\/{rel}","templated":true}]}}