{"id":2288,"date":"2015-10-04T10:36:18","date_gmt":"2015-10-04T08:36:18","guid":{"rendered":"http:\/\/new.curocon.de\/?p=2288"},"modified":"2021-04-14T09:26:36","modified_gmt":"2021-04-14T07:26:36","slug":"nibelungenlauf-2015","status":"publish","type":"post","link":"https:\/\/www.curocon.de\/en\/nibelungenlauf-2015\/","title":{"rendered":"Nibelungen Run 2015"},"content":{"rendered":"<p>[et_pb_section fb_built=&#8220;1&#8243; _builder_version=&#8220;3.22&#8243;][et_pb_row _builder_version=&#8220;3.25&#8243; background_size=&#8220;initial&#8220; background_position=&#8220;top_left&#8220; background_repeat=&#8220;repeat&#8220;][et_pb_column type=&#8220;4_4&#8243; _builder_version=&#8220;3.25&#8243; custom_padding=&#8220;|||&#8220; custom_padding__hover=&#8220;|||&#8220;][et_pb_text _builder_version=&#8220;3.27.4&#8243; background_size=&#8220;initial&#8220; background_position=&#8220;top_left&#8220; background_repeat=&#8220;repeat&#8220;]Auch in 2015 <strong> nahm CuroCon<\/strong> wieder <strong>an einer Laufveranstaltung teil<\/strong>.<\/p>\n<p>Nachdem die Veranstaltung &#8222;Jog and Rock&#8220; in diesem Jahr pausierte, fiel die Wahl auf den <strong>Nibelungenlauf<\/strong> am<strong> 13. September <\/strong>in<strong> Worms<\/strong>.<\/p>\n<p>Neben den Vorjahresteilnehmern B. M\u00fcller, P. Stark und W. Klass, ging dieses Mal auch A. Ekhardt mit an den Start zum 10-km-Lauf.<\/p>\n<p>In dem Teilnehmerfeld von \u00fcber 500 L\u00e4ufern konnte sich unser Team gut behaupten &#8211; <strong>alles in allem eine starke Leistung!<\/strong><\/p>\n<p>Nach einer kleinen Verschnaufpause und der \u00dcbergabe des &#8222;Finisher-T-Shirt&#8220; fuhren alle zur\u00fcck nach Bensheim, um mit den Arbeitskollegen und Partnern gemeinsam einen sch\u00f6nen Grillnachmittag zu verbringen.<\/p>\n<p>Das war ein toller Tag und schnell war klar: <strong>Im n\u00e4chsten Jahr ist CuroCon wieder dabei!<\/strong> Das w\u00f6chentlich stattfindende Lauftraining der Kollegen hat schon begonnen.[\/et_pb_text][\/et_pb_column][\/et_pb_row][\/et_pb_section]<\/p>\n","protected":false},"excerpt":{"rendered":"<p>Auch in 2015 nahm CuroCon wieder an einer Laufveranstaltung teil. Nachdem die Veranstaltung &#8222;Jog and Rock&#8220; in diesem Jahr pausierte, fiel die Wahl auf den Nibelungenlauf am 13. September in Worms. Neben den Vorjahresteilnehmern B. M\u00fcller, P. Stark und W. Klass, ging dieses Mal auch A. Ekhardt mit an den Start zum 10-km-Lauf. In dem [&hellip;]<\/p>\n","protected":false},"author":4,"featured_media":4038,"comment_status":"closed","ping_status":"closed","sticky":false,"template":"","format":"standard","meta":{"_et_pb_use_builder":"on","_et_pb_old_content":"Auch in 2015 <strong> nahm CuroCon<\/strong> wieder <strong>an einer Laufveranstaltung teil<\/strong>.\n\nNachdem die Veranstaltung \"Jog and Rock\" in diesem Jahr pausierte, fiel die Wahl auf den <strong>Nibelungenlauf<\/strong> am<strong> 13. September <\/strong>in<strong> Worms<\/strong>.\n\nNeben den Vorjahresteilnehmern B. M\u00fcller, P. Stark und W. Klass, ging dieses Mal auch A. Ekhardt mit an den Start zum 10-km-Lauf.\n\nIn dem Teilnehmerfeld von \u00fcber 500 L\u00e4ufern konnte sich unser Team gut behaupten - <strong>alles in allem eine starke Leistung!<\/strong>\n\nNach einer kleinen Verschnaufpause und der \u00dcbergabe des \"Finisher-T-Shirt\" fuhren alle zur\u00fcck nach Bensheim, um mit den Arbeitskollegen und Partnern gemeinsam einen sch\u00f6nen Grillnachmittag zu verbringen.\n\nDas war ein toller Tag und schnell war klar: <strong>Im n\u00e4chsten Jahr ist CuroCon wieder dabei!<\/strong> Das w\u00f6chentlich stattfindende Lauftraining der Kollegen hat schon begonnen.","_et_gb_content_width":"2880","footnotes":""},"categories":[17],"tags":[],"class_list":["post-2288","post","type-post","status-publish","format-standard","has-post-thumbnail","hentry","category-event"],"_links":{"self":[{"href":"https:\/\/www.curocon.de\/en\/wp-json\/wp\/v2\/posts\/2288","targetHints":{"allow":["GET"]}}],"collection":[{"href":"https:\/\/www.curocon.de\/en\/wp-json\/wp\/v2\/posts"}],"about":[{"href":"https:\/\/www.curocon.de\/en\/wp-json\/wp\/v2\/types\/post"}],"author":[{"embeddable":true,"href":"https:\/\/www.curocon.de\/en\/wp-json\/wp\/v2\/users\/4"}],"replies":[{"embeddable":true,"href":"https:\/\/www.curocon.de\/en\/wp-json\/wp\/v2\/comments?post=2288"}],"version-history":[{"count":3,"href":"https:\/\/www.curocon.de\/en\/wp-json\/wp\/v2\/posts\/2288\/revisions"}],"predecessor-version":[{"id":4099,"href":"https:\/\/www.curocon.de\/en\/wp-json\/wp\/v2\/posts\/2288\/revisions\/4099"}],"wp:featuredmedia":[{"embeddable":true,"href":"https:\/\/www.curocon.de\/en\/wp-json\/wp\/v2\/media\/4038"}],"wp:attachment":[{"href":"https:\/\/www.curocon.de\/en\/wp-json\/wp\/v2\/media?parent=2288"}],"wp:term":[{"taxonomy":"category","embeddable":true,"href":"https:\/\/www.curocon.de\/en\/wp-json\/wp\/v2\/categories?post=2288"},{"taxonomy":"post_tag","embeddable":true,"href":"https:\/\/www.curocon.de\/en\/wp-json\/wp\/v2\/tags?post=2288"}],"curies":[{"name":"wp","href":"https:\/\/api.w.org\/{rel}","templated":true}]}}