{"id":2292,"date":"2015-10-30T10:37:26","date_gmt":"2015-10-30T08:37:26","guid":{"rendered":"http:\/\/new.curocon.de\/?p=2292"},"modified":"2021-04-14T09:26:06","modified_gmt":"2021-04-14T07:26:06","slug":"erfolgreiche-premiere-auf-der-ecartec-2015","status":"publish","type":"post","link":"https:\/\/www.curocon.de\/en\/erfolgreiche-premiere-auf-der-ecartec-2015\/","title":{"rendered":"Successful premiere at eCarTec 2015"},"content":{"rendered":"<p>[et_pb_section fb_built=&#8220;1&#8243; admin_label=&#8220;section&#8220; _builder_version=&#8220;3.22&#8243;][et_pb_row admin_label=&#8220;row&#8220; _builder_version=&#8220;3.25&#8243; background_size=&#8220;initial&#8220; background_position=&#8220;top_left&#8220; background_repeat=&#8220;repeat&#8220;][et_pb_column type=&#8220;4_4&#8243; _builder_version=&#8220;3.25&#8243; custom_padding=&#8220;|||&#8220; custom_padding__hover=&#8220;|||&#8220;][et_pb_text admin_label=&#8220;Text&#8220; _builder_version=&#8220;3.27.4&#8243; background_size=&#8220;initial&#8220; background_position=&#8220;top_left&#8220; background_repeat=&#8220;repeat&#8220;]Vom 20. bis 22. Oktober <strong>pr\u00e4sentierte CuroCon<\/strong> eine Reihe seiner <strong>Produkte<\/strong> und <strong>Dienstleistungen<\/strong> auf der <strong>weltgr\u00f6\u00dften Fachmesse<\/strong> f\u00fcr Elektro- und Hybridmobilit\u00e4t, der <strong>eCarTec<\/strong>, in M\u00fcnchen.<\/p>\n<h2>Messestandhighlight<\/h2>\n<p><strong>Besondere Attraktion<\/strong> auf dem Gemeinschaftsstand der Firmen CuroCon und FRAMO war die <strong>Weltpremiere<\/strong> des <strong>FRAMO eLKW<\/strong>. Dieser batterieelektrische LKW in der Klasse 12 bis 26 t hat je nach Fahrzeugkonfiguration eine <strong>Reichweite<\/strong> von <strong>bis zu 300 km<\/strong>.<\/p>\n<p>CuroCon ist in diesem Projekt auch in die Auslegung und Umsetzung der elektrischen Antriebskomponenten involviert &#8211; FRAMO eLKW <strong>powered by CuroCon<\/strong>. Die Auslieferung erster Serienfahrzeuge ist f\u00fcr 2016 geplant.<\/p>\n<p>Neben dem bew\u00e4hrten Regelungs- und Automatisierungssystem <strong>CuroCon<em>trol<\/em><sup>\u00ae<\/sup><\/strong> stellte CuroCon einige seiner Produkte und Dienstleistungen auf der Messe vor, die sich insbesondere f\u00fcr die <strong>Entwicklung<\/strong> in der <strong>E-Mobilit\u00e4t<\/strong> empfehlen.<\/p>\n<p>Nach diesem gelungenen Messeauftritt kann sich CuroCon dem&nbsp; <strong>positiven Res\u00fcmee <\/strong>des <strong>Messeveranstalters MunichExpo <\/strong>uneingeschr\u00e4nkt anschlie\u00dfen.[\/et_pb_text][\/et_pb_column][\/et_pb_row][\/et_pb_section]<\/p>\n","protected":false},"excerpt":{"rendered":"<p>Vom 20. bis 22. Oktober pr\u00e4sentierte CuroCon eine Reihe seiner Produkte und Dienstleistungen auf der weltgr\u00f6\u00dften Fachmesse f\u00fcr Elektro- und Hybridmobilit\u00e4t, der eCarTec, in M\u00fcnchen. Messestandhighlight Besondere Attraktion auf dem Gemeinschaftsstand der Firmen CuroCon und FRAMO war die Weltpremiere des FRAMO eLKW. Dieser batterieelektrische LKW in der Klasse 12 bis 26 t hat je nach [&hellip;]<\/p>\n","protected":false},"author":4,"featured_media":4041,"comment_status":"closed","ping_status":"closed","sticky":false,"template":"","format":"standard","meta":{"_et_pb_use_builder":"on","_et_pb_old_content":"Vom 20. bis 22. Oktober <strong>pr\u00e4sentierte CuroCon<\/strong> eine Reihe seiner <strong>Produkte<\/strong> und <strong>Dienstleistungen<\/strong> auf der <strong>weltgr\u00f6\u00dften Fachmesse<\/strong> f\u00fcr Elektro- und Hybridmobilit\u00e4t, der <strong>eCarTec<\/strong>, in M\u00fcnchen.\n<h2>Messestandhighlight<\/h2>\n<strong>Besondere Attraktion<\/strong> auf dem Gemeinschaftsstand der Firmen CuroCon und FRAMO war die <strong>Weltpremiere<\/strong> des <strong>FRAMO eLKW<\/strong>. Dieser batterieelektrische LKW in der Klasse 12 bis 26 t hat je nach Fahrzeugkonfiguration eine <strong>Reichweite<\/strong> von <strong>bis zu 300 km<\/strong>.\n\nCuroCon ist in diesem Projekt auch in die Auslegung und Umsetzung der elektrischen Antriebskomponenten involviert - FRAMO eLKW <strong>powered by CuroCon<\/strong>. Die Auslieferung erster Serienfahrzeuge ist f\u00fcr 2016 geplant.\n\nNeben dem bew\u00e4hrten Regelungs- und Automatisierungssystem <strong>CuroCon<em>trol<\/em><sup>\u00ae<\/sup><\/strong> stellte CuroCon einige seiner Produkte und Dienstleistungen auf der Messe vor, die sich insbesondere f\u00fcr die <strong>Entwicklung<\/strong> in der <strong>E-Mobilit\u00e4t<\/strong> empfehlen.\n\nNach diesem gelungenen Messeauftritt kann sich CuroCon dem&nbsp; <strong>positiven Res\u00fcmee <\/strong>des <strong>Messeveranstalters MunichExpo <\/strong>uneingeschr\u00e4nkt anschlie\u00dfen.","_et_gb_content_width":"","footnotes":""},"categories":[12],"tags":[],"class_list":["post-2292","post","type-post","status-publish","format-standard","has-post-thumbnail","hentry","category-messe"],"_links":{"self":[{"href":"https:\/\/www.curocon.de\/en\/wp-json\/wp\/v2\/posts\/2292","targetHints":{"allow":["GET"]}}],"collection":[{"href":"https:\/\/www.curocon.de\/en\/wp-json\/wp\/v2\/posts"}],"about":[{"href":"https:\/\/www.curocon.de\/en\/wp-json\/wp\/v2\/types\/post"}],"author":[{"embeddable":true,"href":"https:\/\/www.curocon.de\/en\/wp-json\/wp\/v2\/users\/4"}],"replies":[{"embeddable":true,"href":"https:\/\/www.curocon.de\/en\/wp-json\/wp\/v2\/comments?post=2292"}],"version-history":[{"count":4,"href":"https:\/\/www.curocon.de\/en\/wp-json\/wp\/v2\/posts\/2292\/revisions"}],"predecessor-version":[{"id":4242,"href":"https:\/\/www.curocon.de\/en\/wp-json\/wp\/v2\/posts\/2292\/revisions\/4242"}],"wp:featuredmedia":[{"embeddable":true,"href":"https:\/\/www.curocon.de\/en\/wp-json\/wp\/v2\/media\/4041"}],"wp:attachment":[{"href":"https:\/\/www.curocon.de\/en\/wp-json\/wp\/v2\/media?parent=2292"}],"wp:term":[{"taxonomy":"category","embeddable":true,"href":"https:\/\/www.curocon.de\/en\/wp-json\/wp\/v2\/categories?post=2292"},{"taxonomy":"post_tag","embeddable":true,"href":"https:\/\/www.curocon.de\/en\/wp-json\/wp\/v2\/tags?post=2292"}],"curies":[{"name":"wp","href":"https:\/\/api.w.org\/{rel}","templated":true}]}}