{"id":5212,"date":"2021-11-01T09:58:45","date_gmt":"2021-11-01T08:58:45","guid":{"rendered":"https:\/\/www.curocon.de\/?p=5212"},"modified":"2021-11-01T10:01:12","modified_gmt":"2021-11-01T09:01:12","slug":"nachhaltigkeit-trifft-auf-innovation-der-betriebseigene-curocon-ladepark","status":"publish","type":"post","link":"https:\/\/www.curocon.de\/en\/nachhaltigkeit-trifft-auf-innovation-der-betriebseigene-curocon-ladepark\/","title":{"rendered":"Sustainability meets innovation - the in-house CuroCon charging park"},"content":{"rendered":"<p>[et_pb_section fb_built=&#8220;1&#8243; _builder_version=&#8220;3.22&#8243; custom_padding=&#8220;0px|||||&#8220; global_colors_info=&#8220;{}&#8220;][et_pb_row _builder_version=&#8220;3.25&#8243; background_size=&#8220;initial&#8220; background_position=&#8220;top_left&#8220; background_repeat=&#8220;repeat&#8220; custom_padding=&#8220;43px|||||&#8220; global_colors_info=&#8220;{}&#8220;][et_pb_column type=&#8220;4_4&#8243; _builder_version=&#8220;3.25&#8243; custom_padding=&#8220;|||&#8220; global_colors_info=&#8220;{}&#8220; custom_padding__hover=&#8220;|||&#8220;][et_pb_text _builder_version=&#8220;4.12.0&#8243; background_size=&#8220;initial&#8220; background_position=&#8220;top_left&#8220; background_repeat=&#8220;repeat&#8220; hover_enabled=&#8220;0&#8243; global_colors_info=&#8220;{}&#8220; sticky_enabled=&#8220;0&#8243;]<\/p>\n<p><span style=\"font-size: 14px;\">Rund um das Firmengeb\u00e4ude wurden von den Mitarbeitern der CuroCon GmbH 10 selbst designte Lades\u00e4ulen errichtet. Hier werden im Bereich der <a href=\"https:\/\/www.curocon.de\/produkte\/#energetisch\" target=\"_blank\" rel=\"noopener\">energetischen Automatisierung<\/a> neue Funktionen und Produktdetails entwickelt, implementiert sowie letztendlich etabliert. Dabei kommen jeweils unterschiedliche Ladetechnologien und -leistungen zur Anwendung. Die Errichtung der Lades\u00e4ulen am Firmengeb\u00e4ude erfolgte im Jahr 2019. Die weitere Entwicklungsarbeit findet seitdem kontinuierlich statt.<\/span><\/p>\n<p>&nbsp;<\/p>\n<p><img loading=\"lazy\" decoding=\"async\" src=\"https:\/\/www.curocon.de\/wp-content\/uploads\/2021\/11\/01_CuroCon_Ladepark_Umbaumassnahmen_News_-300x169.jpg\" width=\"520\" height=\"292\" alt=\"\" class=\"wp-image-5221 alignnone size-medium\" \/><\/p>\n<p><!-- divi:paragraph {\"className\":\"noMargin\"} --><em>Abb. 1 : Umbauma\u00dfnahmen am Firmengeb\u00e4ude in Zwingenberg, 2019. Quelle: CuroCon GmbH.<\/em><\/p>\n<p>Die bei der CuroCon GmbH entwickelten und getesteten Lades\u00e4ulen kommen auch bei Kunden zum Einsatz. Dabei profitiert die Kundschaft nicht nur von der Expertise der CuroCon GmbH, die Zuverl\u00e4ssigkeit ihrer Anlagen und dem K\u00f6nnen der Ingenieure, sondern auch von der Aktualit\u00e4t weiterer Entwicklungen sowie dem steten Ausbau des Ladeparks. Umgekehrt wissen die Ingenieure der CuroCon GmbH durch einen regen Austausch mit Interessenten sowie Abnehmern aus der Industrie genau, welche Anforderungen gestellt werden und was eine Lades\u00e4ule leisten muss.<\/p>\n<p>Die Nutzung erneuerbarer Energien in Form von Photovoltaik &#8211; und damit auch eine partiell autarke Energieversorgung \u2013 sind Basis der Entwicklung. Nicht zuletzt ist es der CuroCon GmbH durch ihren Ladepark m\u00f6glich, ihren Beitrag zur Verkehrs- und Energiewende beizusteuern.<\/p>\n<p>Die Lade- und Lastregelung zur effizienteren Energieversorgung bietet folgende Vorteile:<\/p>\n<ul>\n<li>Ausfallsicherheit der Ladeinfrastruktur<\/li>\n<li>Netzstabilit\u00e4t<\/li>\n<li>Laden nach Konzept<\/li>\n<\/ul>\n<p>Die Lades\u00e4ulen des CuroCon-Ladeparks untergliedern sich in:<\/p>\n<ul>\n<li>S\u00e4ule 1 und 2 jeweils: 50 kW DC CCS(bis 700V) + 22kW Typ 2<\/li>\n<li>S\u00e4ule 3 und 4 jeweils: 22 kW AC Typ 2<\/li>\n<li>S\u00e4ule 5-10 jeweils: 11 kW AC Typ 2<\/li>\n<\/ul>\n<p><img loading=\"lazy\" decoding=\"async\" src=\"https:\/\/www.curocon.de\/wp-content\/uploads\/2021\/11\/CuroCon_Grundrisse_Gebaeude_Ladepark_02-1-300x231.png\" width=\"484\" height=\"372\" alt=\"\" class=\"wp-image-5224 alignnone size-medium\" \/><\/p>\n<p><em>Abb. 2: Grundriss des Au\u00dfengel\u00e4ndes der CuroCon GmbH inkl. Nummerierung der Lades\u00e4ulen. Quelle: CuroCon GmbH.<\/em><\/p>\n<p>Folgende Softwarefeatures sind im Ladepark der CuroCon GmbH derzeit implementiert bzw. vorbereitet:<br \/><em><\/em><\/p>\n<ul>\n<li>AC Laden erfolgt \u00fcber den Typ 2 Stecker und DC Laden \u00fcber CCS (Combined Charging System) &#8211; Laden erfolgt \u00fcber den Typ 2 Ladestecker<\/li>\n<li>Last- und Energiemanagement: Die am Hausanschluss verf\u00fcgbare Leistung wird auf die Ladepunkte verteilt. Dabei wird ein Priorit\u00e4tssystem verwendet. In unserem Fall haben die DC-S\u00e4ulen die h\u00f6chste Priorit\u00e4t und bekommen vom Lastmanagement die maximal m\u00f6gliche Leistung freigegeben. Die restlichen AC S\u00e4ulen besitzen eine von S\u00e4ule 1-10 absteigende Priorit\u00e4t. Die Priorit\u00e4t kann variabel vom Kunden festgelegt werden.<\/li>\n<li>Einbeziehung einer Photovoltaik-Anlage in das Lastmanagement ist vorbereitet<\/li>\n<li>Visualisierung aller S\u00e4ulen und deren Status in <a href=\"https:\/\/www.curocon.de\/produkte\/#stationaer\" target=\"_blank\" rel=\"noopener\">CuroControl\u00ae<\/a><\/li>\n<li>pro S\u00e4ule konfigurierbares t\u00e4gliches Energiekontingent<\/li>\n<li>Wochenzeitschaltuhr \/ Abschaltung an Feiertagen, Wochenenden etc.<\/li>\n<li>schnelle Umverteilung der verf\u00fcgbaren Energie auf andere ladende Fahrzeuge, wenn z.B. ein Fahrzeug bereits voll aufgeladen ist und deshalb nicht mehr l\u00e4dt<\/li>\n<li>skalierbare Software: Weitere Ladepunkte k\u00f6nnen schnell konfiguriert werden<\/li>\n<li>Wackelkontakterkennung<\/li>\n<li>DC-Hauptsch\u00fctz-\u00dcberwachung (Z\u00e4hler beim Schalten, im Fehlerfall, von hohen Str\u00f6men)<\/li>\n<li>Parkdauererfassung<\/li>\n<li>Kommunikation zu \u00fcbergeordneten Steuerungen (z.B. CuroControl\u00ae)<\/li>\n<\/ul>\n<p>Auch in den kommenden Jahren werden die S\u00e4ulen weiter konfiguriert, angepasst sowie ausgebaut. So wurden in diesem Jahr bereits die beiden DC S\u00e4ulen um jeweils einen AC-Typ 2 Ladepunkt erweitert. Langfristig soll der EE-Erzeuger durch eine Windenergie-Quelle zum Ausgleich saisonaler Schwankungen erweitert werden. Des Weiteren soll durch Prognostizierung des Wetters die Optimierung des Ladeverschiebungsalgorithmus erreicht werden. Ein weiteres Ziel ist die Erweiterung des Lademanagementsystems um ein Reservierungssystem f\u00fcr das Laden von Flotten sowie um ein Backendsystem mit OCPP zur Zahlungsabwicklung. Das Lademanagement soll auf bidirektionales Laden vorbereitet werden.<\/p>\n<p>Gef\u00f6rdert und dokumentiert werden die Entwicklungsschritte u.a. in den im Betrieb erstellten Bachelor- sowie Masterarbeiten. Weitere Informationen zum Thema Abschlussarbeiten finden Sie auf unserer <a href=\"https:\/\/www.curocon.de\/karriere\/\" target=\"_blank\" rel=\"noopener\">Karriereseite<\/a>.<\/p>\n<p>Haben Sie Fragen zu unserem Ladepark? Dann schreiben Sie uns \u00fcber unser <a href=\"https:\/\/www.curocon.de\/kontakt\/\" target=\"_blank\" rel=\"noopener\">Kontaktformular<\/a>.<\/p>\n<p>&nbsp;<\/p>\n<p><em>Quellen:<\/em><\/p>\n<ul>\n<li><em>CuroCon GmbH: interne Berichte<\/em><\/li>\n<li><em>Ehrhard, Jasmin: Konzeptionierung eines Energiemanagements mit intelligenter Last- und Laderegelung; Bachelorarbeit, 2020.<\/em><\/li>\n<li><a href=\"https:\/\/new.siemens.com\/de\/de\/unternehmen\/stories\/industrie\/automatisierung\/ladetechnik-e-mobilitaet.html\" target=\"_blank\" rel=\"noopener\"><em>Ladetechnik f\u00fcr die E-Mobilit\u00e4t mit SIMATIC | Automatisierung | Siemens Deutschland<\/em><\/a><\/li>\n<li><em>Abbildung oben Quelle: Siemens<\/em><\/li>\n<\/ul>\n<p>&nbsp;<\/p>\n<p>&nbsp;<\/p>\n<p>&nbsp;<\/p>\n<p>&nbsp;<\/p>\n<p>&nbsp;<\/p>\n<p>&nbsp;<\/p>\n<p>&nbsp;<\/p>\n<p>&nbsp;<\/p>\n<p>&nbsp;<\/p>\n<p>&nbsp;<\/p>\n<p><!-- \/divi:paragraph --><\/p>\n<p>[\/et_pb_text][\/et_pb_column][\/et_pb_row][\/et_pb_section]<\/p>\n","protected":false},"excerpt":{"rendered":"<p>Rund um das Firmengeb\u00e4ude wurden von den Mitarbeitern der CuroCon GmbH 10 selbst designte Lades\u00e4ulen errichtet. Hier werden im Bereich der energetischen Automatisierung neue Funktionen und Produktdetails entwickelt, implementiert sowie letztendlich etabliert. Dabei kommen jeweils unterschiedliche Ladetechnologien und -leistungen zur Anwendung. Die Errichtung der Lades\u00e4ulen am Firmengeb\u00e4ude erfolgte im Jahr 2019. Die weitere Entwicklungsarbeit findet [&hellip;]<\/p>\n","protected":false},"author":4,"featured_media":5215,"comment_status":"closed","ping_status":"closed","sticky":false,"template":"","format":"standard","meta":{"_et_pb_use_builder":"on","_et_pb_old_content":"<!-- wp:paragraph -->\n<p>Abb. 1: evTrailer<br>Quelle: Fraunhofer-Institut f\u00fcr Betriebsfestigkeit und Systemzuverl\u00e4ssigkeit LBF, Herrn R\u00fcdiger Heim<\/p>\n<!-- \/wp:paragraph -->\n\n<!-- wp:paragraph {\"fontSize\":\"medium\"} -->\n<p class=\"has-medium-font-size\"><strong>evTrailer<\/strong><\/p>\n<!-- \/wp:paragraph -->\n\n<!-- wp:paragraph -->\n<p>2020 wurde das Forschungsprojekt evTrailer (<em>electric vehicle Trailer<\/em>), das unter der Konsortialf\u00fchrerschaft der CuroCon GmbH seit 2015 lief, erfolgreich abgeschlossen.<\/p>\n<!-- \/wp:paragraph -->\n\n<!-- wp:paragraph -->\n<p>Das Forschungsprojekt evTrailer war darauf ausgelegt, ein autarkes, batteriebetriebenes Antriebsmodul f\u00fcr LKW-Trailer sowie Fahrzeuganh\u00e4nger zu schaffen.<\/p>\n<!-- \/wp:paragraph -->\n\n<!-- wp:paragraph -->\n<p>Beteiligt waren neben der CuroCon GmbH eine Reihe von Unternehmen und Instituten: das Fraunhofer Institut, das Institut f\u00fcr Verbrennungskraftmaschinen und Fahrzeugantriebe der TU Darmstadt sowie die Oswald Elektromotoren GmbH. Gef\u00f6rdert wurde es durch das Bundesministerium f\u00fcr Wirtschaft und Energie.<\/p>\n<!-- \/wp:paragraph -->\n\n<!-- wp:image {\"id\":1568,\"sizeSlug\":\"large\",\"linkDestination\":\"none\"} -->\n<figure class=\"wp-block-image size-large\"><img src=\"https:\/\/curo-con.de\/wp-content\/uploads\/2020\/08\/Seite_Produkte_ForschungundEntwicklung_Bild_03.png\" alt=\"\" class=\"wp-image-1568\"\/><\/figure>\n<!-- \/wp:image -->\n\n<!-- wp:paragraph {\"className\":\"noMargin\"} -->\n<p class=\"noMargin\">Abb. 1: evTrailer Zeichnung<br>Quelle: CuroCon GmbH<\/p>\n<!-- \/wp:paragraph -->\n\n<!-- wp:paragraph -->\n<p>Die Konzeptionierung als herstellerunabh\u00e4ngiges, autarkes System zur Verwendung mit jeder beliebigen Zugmaschine erforderte ein v\u00f6llig neues Steuerungs- und Regelungssystem. Das entwickelte System basiert auf der Software CuroCon<em>trol\u00aeSRx<\/em>.<\/p>\n<!-- \/wp:paragraph -->\n\n<!-- wp:image {\"id\":2792,\"width\":527,\"height\":414,\"sizeSlug\":\"large\",\"linkDestination\":\"none\"} -->\n<figure class=\"wp-block-image size-large is-resized\"><img src=\"https:\/\/curo-con.de\/wp-content\/uploads\/2021\/02\/www-evTrailer-de-02-1024x805.jpg\" alt=\"\" class=\"wp-image-2792\" width=\"527\" height=\"414\"\/><\/figure>\n<!-- \/wp:image -->\n\n<!-- wp:paragraph {\"className\":\"noMargin\"} -->\n<p class=\"noMargin\">Abb. 2: evTrailer Komponenten<br>Quelle: Fraunhofer-Institut f\u00fcr Betriebsfestigkeit und Systemzuverl\u00e4ssigkeit LBF, Herrn R\u00fcdiger Heim<\/p>\n<!-- \/wp:paragraph -->\n\n<!-- wp:paragraph -->\n<p><\/p>\n<!-- \/wp:paragraph -->\n\n<!-- wp:paragraph -->\n<p>Folgende Vorteile konnten erzielt werden:<\/p>\n<!-- \/wp:paragraph -->\n\n<!-- wp:list -->\n<ul><li>Unterst\u00fctzung der Zugmaschine durch den Trailer-eigenen Antrieb<\/li><li>integrierte Bremsenergienutzung<\/li><li>v\u00f6llig autarker elektrischer Antrieb des Trailers<\/li><li>beliebige Zugmaschine nutzbar<\/li><li>autarkes Rangieren ohne Zugmaschine<\/li><li>verbessertes Anfahren auf rutschigem Untergrund<\/li><\/ul>\n<!-- \/wp:list -->\n\n<!-- wp:paragraph -->\n<p>Die Entwicklung des evTrailers f\u00fchrt letztendlich auch zu einer Einsparung von Ressourcen und zu einem positiven Einfluss des Hybridsystems auf die Stickoxidemissionen. Des Weiteren konnten die Fahrsicherheit sowie die Fahrdynamik erh\u00f6ht werden. Ein weiteres Argument f\u00fcr die Anschaffung eines evTrailers: Bereits nach 4 Jahren hat sich der LKW amortisiert \u2013 und das bei einer Lebensdauer von mehr als 700.000 km.<\/p>\n<!-- \/wp:paragraph -->\n\n<!-- wp:paragraph -->\n<p>Sie m\u00f6chten mehr erfahren?<\/p>\n<!-- \/wp:paragraph -->\n\n<!-- wp:paragraph -->\n<p>Mehr auf <a href=\"http:\/\/evtrailer.de\/\">http:\/\/evtrailer.de\/<\/a> oder in unserem Flyer &nbsp;<a href=\"https:\/\/www.curocon.de\/wp-content\/uploads\/2017\/01\/evTrailer_Infoflyer_IAA_2016_v2.pdf\">evTrailer_Infoflyer_IAA_2016_v2 (curocon.de)<\/a><\/p>\n<!-- \/wp:paragraph -->","_et_gb_content_width":"2880","footnotes":""},"categories":[10],"tags":[],"class_list":["post-5212","post","type-post","status-publish","format-standard","has-post-thumbnail","hentry","category-news"],"_links":{"self":[{"href":"https:\/\/www.curocon.de\/en\/wp-json\/wp\/v2\/posts\/5212","targetHints":{"allow":["GET"]}}],"collection":[{"href":"https:\/\/www.curocon.de\/en\/wp-json\/wp\/v2\/posts"}],"about":[{"href":"https:\/\/www.curocon.de\/en\/wp-json\/wp\/v2\/types\/post"}],"author":[{"embeddable":true,"href":"https:\/\/www.curocon.de\/en\/wp-json\/wp\/v2\/users\/4"}],"replies":[{"embeddable":true,"href":"https:\/\/www.curocon.de\/en\/wp-json\/wp\/v2\/comments?post=5212"}],"version-history":[{"count":9,"href":"https:\/\/www.curocon.de\/en\/wp-json\/wp\/v2\/posts\/5212\/revisions"}],"predecessor-version":[{"id":5229,"href":"https:\/\/www.curocon.de\/en\/wp-json\/wp\/v2\/posts\/5212\/revisions\/5229"}],"wp:featuredmedia":[{"embeddable":true,"href":"https:\/\/www.curocon.de\/en\/wp-json\/wp\/v2\/media\/5215"}],"wp:attachment":[{"href":"https:\/\/www.curocon.de\/en\/wp-json\/wp\/v2\/media?parent=5212"}],"wp:term":[{"taxonomy":"category","embeddable":true,"href":"https:\/\/www.curocon.de\/en\/wp-json\/wp\/v2\/categories?post=5212"},{"taxonomy":"post_tag","embeddable":true,"href":"https:\/\/www.curocon.de\/en\/wp-json\/wp\/v2\/tags?post=5212"}],"curies":[{"name":"wp","href":"https:\/\/api.w.org\/{rel}","templated":true}]}}