{"id":5234,"date":"2022-04-26T09:34:00","date_gmt":"2022-04-26T07:34:00","guid":{"rendered":"https:\/\/www.curocon.de\/?p=5234"},"modified":"2022-04-26T10:07:49","modified_gmt":"2022-04-26T08:07:49","slug":"ingenieure-veroeffentlichen-fachmedien-evtrailer","status":"publish","type":"post","link":"https:\/\/www.curocon.de\/en\/ingenieure-veroeffentlichen-fachmedien-evtrailer\/","title":{"rendered":"Engineers from CuroCon GmbH publish in Springer Fachmedien"},"content":{"rendered":"<p>[et_pb_section fb_built=&#8220;1&#8243; _builder_version=&#8220;4.16&#8243; global_colors_info=&#8220;{}&#8220;][et_pb_row _builder_version=&#8220;4.16&#8243; background_size=&#8220;initial&#8220; background_position=&#8220;top_left&#8220; background_repeat=&#8220;repeat&#8220; global_colors_info=&#8220;{}&#8220;][et_pb_column type=&#8220;4_4&#8243; _builder_version=&#8220;4.16&#8243; custom_padding=&#8220;|||&#8220; global_colors_info=&#8220;{}&#8220; custom_padding__hover=&#8220;|||&#8220;][et_pb_text _builder_version=&#8220;4.17.3&#8243; background_size=&#8220;initial&#8220; background_position=&#8220;top_left&#8220; background_repeat=&#8220;repeat&#8220; hover_enabled=&#8220;0&#8243; global_colors_info=&#8220;{}&#8220; sticky_enabled=&#8220;0&#8243;]<\/p>\n<p>Bereits im vergangenen Jahr 2021 wurde im traditionsreichen Springer Verlag ein Sammelwerk mit Beitr\u00e4gen zu aktuellen Entwicklungen im Nutzfahrzeugbereich ver\u00f6ffentlicht.<\/p>\n<p><!-- divi:paragraph {\"fontSize\":\"medium\"} -->Als begleitende Publikation zum 6. CVT Symposium der Commercial Vehicle Alliance Kaiserslautern erschien das Sammelwerk mit gegenw\u00e4rtiger Brisanz und Aktualit\u00e4t hinsichtlich neuer Ideen sowie zukunftsweisender Technologien in diesem Fachbereich.<\/p>\n<p>Zielgruppe der Beitragssammlung sind neben Maschinenbauern und Elektrotechnikern ebenso Informatiker, sowohl aus der Industrie als auch aus der Wissenschaft.<\/p>\n<p>Angesprochen werden unter anderen Energie- und Ressourceneffizienz, innovative Antriebe sowie Elektromobilit\u00e4t \u2013 Bereiche, in denen die CuroCon GmbH seit Jahren auch in \u00f6ffentlich gef\u00f6rderten Projekten gemeinsam mit ihren Partnern forscht und entwickelt.<\/p>\n<p>Den Beitrag der Ingenieure Michael Wi\u00dfbach und Borwin Rothauge zum Thema \u201eevTrailer \u2013 Autarkes elektrisches Antriebssystem f\u00fcr LKW-Trailer\u201c kann man in der Publikation im Bereich Nutzfahrzeugverkehr schwarz auf wei\u00df nachlesen.<\/p>\n<p>Das unter der Konsortialf\u00fchrerschaft der CuroCon GmbH realisierte Projekt evTrailer fand im Jahr 2020 \u2013 vorerst \u2013 seinen Abschluss. Basierend auf der Software <a href=\"https:\/\/www.curocon.de\/produkte\/#mobil\" target=\"_blank\" rel=\"noopener\">CuroControl\u00aeSRx<\/a> wurde ein innovatives Steuerungs- und Regelungssystem f\u00fcr Nutzfahrzeuge von CuroCon entwickelt. Mittels autarken elektrischen Antriebs des Trailers wird die Verwendung mit einer beliebigen Zugmaschine erm\u00f6glicht, und sogar das autarke Rangieren des evTrailers ohne Zugmaschine wurde umgesetzt.<\/p>\n<p>Wi\u00dfbach und Rothauge zeigen die Vorteile des elektrischen Antriebs auf und weisen so in eine ressourcenschonende Zukunft, in der es mehr denn je wichtig wird, fossile Rohstoffe zu bewahren und den Aussto\u00df von Emissionen zum Schutz der Umwelt einzusparen.<\/p>\n<p>Erwerben kann man die Schrift Online \u00fcber die Seite der Springer Fachmedien GmbH oder als gebundene Ausgabe im Sortimentsbuchhandel.<\/p>\n<p>Print ISBN: 978-3-658-29716-9<\/p>\n<p>Electronic ISBN: 978-3-658-29717-6<\/p>\n<p>Links:<\/p>\n<p><a href=\"https:\/\/www.springerprofessional.de\/evtrailer-autarkes-elektrisches-antriebssystem-fuer-lkw-trailer\/19079694\" target=\"_blank\" rel=\"noopener\">evTrailer &#8211; Autarkes elektrisches Antriebssystem f\u00fcr LKW Trailer | springerprofessional.de<\/a><\/p>\n<p><a href=\"https:\/\/evtrailer.de\/\" target=\"_blank\" rel=\"noopener\">evTrailer | Autarkes elektrisches Antriebskooperationssystem f\u00fcr LKW-Trailer und Fahrzeuganh\u00e4nger<\/a><\/p>\n<p><a href=\"https:\/\/www.curocon.de\/evtrailer\/\" target=\"_blank\" rel=\"noopener\">evTrailer | CuroCon<\/a><\/p>\n<p><em>\u00a0Abb.: https:\/\/pixabay.com<\/em><\/p>\n<p><!-- \/divi:paragraph --><\/p>\n<p><!-- divi:paragraph --><\/p>\n<p>&nbsp;<\/p>\n<p><!-- \/divi:paragraph --><\/p>\n<p>[\/et_pb_text][\/et_pb_column][\/et_pb_row][\/et_pb_section]<\/p>\n","protected":false},"excerpt":{"rendered":"<p>Bereits im vergangenen Jahr 2021 wurde im traditionsreichen Springer Verlag ein Sammelwerk mit Beitr\u00e4gen zu aktuellen Entwicklungen im Nutzfahrzeugbereich ver\u00f6ffentlicht. Als begleitende Publikation zum 6. CVT Symposium der Commercial Vehicle Alliance Kaiserslautern erschien das Sammelwerk mit gegenw\u00e4rtiger Brisanz und Aktualit\u00e4t hinsichtlich neuer Ideen sowie zukunftsweisender Technologien in diesem Fachbereich. Zielgruppe der Beitragssammlung sind neben Maschinenbauern [&hellip;]<\/p>\n","protected":false},"author":4,"featured_media":5530,"comment_status":"closed","ping_status":"closed","sticky":false,"template":"","format":"standard","meta":{"_et_pb_use_builder":"on","_et_pb_old_content":"<!-- wp:paragraph -->\n<p><\/p>\n<!-- \/wp:paragraph -->\n\n<!-- wp:paragraph {\"fontSize\":\"medium\"} -->\n<p class=\"has-medium-font-size\">Ziel der CuroCon GmbH ist es, den eigenen Energiebedarf mit vorhandenen Ressourcen zu decken. Doch nicht nur ein eigener Beitrag zum Umweltschutz kann so geleistet werden. Durch Nutzung erneuerbarer Energien wie Photovoltaik k\u00f6nnen Stromkosten gesenkt werden. Da war es nur eine Frage der Zeit, bis die CuroCon GmbH eine auf dem Dach installierte Photovoltaikanlage ihr Eigen nennen konnte. Deren Module wurden bereits Ende Oktober installiert. Damit in naher Zukunft die Anlage in Betrieb genommen werden kann, wird derzeit der Hauptverteilerkasten entsprechend erweitert.<\/p>\n<!-- \/wp:paragraph -->\n\n<!-- wp:paragraph -->\n<p><\/p>\n<!-- \/wp:paragraph -->\n\n<!-- wp:paragraph {\"className\":\"noMargin\"} -->\n<p class=\"noMargin\"><em>Abb. 2: Vorarbeiten zur Installation der Photovoltaikanlage 2021. Quelle: CuroCon GmbH.<\/em><br><\/p>\n<!-- \/wp:paragraph -->\n\n<!-- wp:paragraph -->\n<p>F\u00fcr die Installation der Photovoltaikanlage stehen auf dem betriebseigenen Flachdach ca. 280 qm zur Verf\u00fcgung. Diese Fl\u00e4che wurde mit 80x 370Wp (29,6kWp) Modulen ausgestattet.<\/p>\n<!-- \/wp:paragraph -->\n\n<!-- wp:paragraph -->\n<p>Die CuroCon GmbH verf\u00fcgt \u00fcber 10 Ladepunkte f\u00fcr 10x Typ2 (22kW AC) und 2x CCS Combo2 (50kW, 700V DC), die mit der erzeugten Energie gef\u00fcttert werden.<\/p>\n<!-- \/wp:paragraph -->\n\n<!-- wp:paragraph -->\n<p>Das Lastmanagement soll drei Ziele erf\u00fcllen: Zum Ersten soll der Eigenverbrauch, die Anteile des von der Solaranlage produzierten Stroms, die nicht in das \u00f6ffentliche Netz eingespeist wurden, maximiert werden. Ebenso gilt es die Autarkie, der Anteil des gesamten verbrauchten Stroms, der selbst generiert wurde, zu maximieren. Um dies zu erreichen w\u00e4re die einfachste L\u00f6sung, die Ladeleistung w\u00e4hrend des gesamten Tages exakt gleich der Generatorleistung zu halten. Das zweite Ziel ist es, alle Elektroautos bei der Abfahrt f\u00fcr eine maximale Reichweite vollgeladen zu haben. Die einfachste L\u00f6sung w\u00e4re bei der Ankunft eines EV die Ladeleistung auf ihr Maximum zu erh\u00f6hen, um somit ein m\u00f6glichst schnelles Ende des Ladevorgangs zu erreichen. Die dritte Zielsetzung ist die Limitierung der maximal bezogenen Leistung aus dem \u00f6ffentlichen Stromnetz.<\/p>\n<!-- \/wp:paragraph -->\n\n<!-- wp:paragraph -->\n<p>Die finanzielle Photovoltaikplanung mit m\u00f6glichst schneller Amortisation sah folgenderma\u00dfen aus:<\/p>\n<!-- \/wp:paragraph -->\n\n<!-- wp:paragraph -->\n<p><\/p>\n<!-- \/wp:paragraph -->","_et_gb_content_width":"2880","footnotes":""},"categories":[10],"tags":[],"class_list":["post-5234","post","type-post","status-publish","format-standard","has-post-thumbnail","hentry","category-news"],"_links":{"self":[{"href":"https:\/\/www.curocon.de\/en\/wp-json\/wp\/v2\/posts\/5234","targetHints":{"allow":["GET"]}}],"collection":[{"href":"https:\/\/www.curocon.de\/en\/wp-json\/wp\/v2\/posts"}],"about":[{"href":"https:\/\/www.curocon.de\/en\/wp-json\/wp\/v2\/types\/post"}],"author":[{"embeddable":true,"href":"https:\/\/www.curocon.de\/en\/wp-json\/wp\/v2\/users\/4"}],"replies":[{"embeddable":true,"href":"https:\/\/www.curocon.de\/en\/wp-json\/wp\/v2\/comments?post=5234"}],"version-history":[{"count":22,"href":"https:\/\/www.curocon.de\/en\/wp-json\/wp\/v2\/posts\/5234\/revisions"}],"predecessor-version":[{"id":5538,"href":"https:\/\/www.curocon.de\/en\/wp-json\/wp\/v2\/posts\/5234\/revisions\/5538"}],"wp:featuredmedia":[{"embeddable":true,"href":"https:\/\/www.curocon.de\/en\/wp-json\/wp\/v2\/media\/5530"}],"wp:attachment":[{"href":"https:\/\/www.curocon.de\/en\/wp-json\/wp\/v2\/media?parent=5234"}],"wp:term":[{"taxonomy":"category","embeddable":true,"href":"https:\/\/www.curocon.de\/en\/wp-json\/wp\/v2\/categories?post=5234"},{"taxonomy":"post_tag","embeddable":true,"href":"https:\/\/www.curocon.de\/en\/wp-json\/wp\/v2\/tags?post=5234"}],"curies":[{"name":"wp","href":"https:\/\/api.w.org\/{rel}","templated":true}]}}