{"id":5516,"date":"2022-04-26T08:53:30","date_gmt":"2022-04-26T06:53:30","guid":{"rendered":"https:\/\/www.curocon.de\/?p=5516"},"modified":"2022-04-26T08:53:32","modified_gmt":"2022-04-26T06:53:32","slug":"nachhaltig-und-zukunftsorientiert-die-curocon-gmbh-installiert-eine-photovoltaikanlage-auf-dem-dach-2","status":"publish","type":"post","link":"https:\/\/www.curocon.de\/en\/nachhaltig-und-zukunftsorientiert-die-curocon-gmbh-installiert-eine-photovoltaikanlage-auf-dem-dach-2\/","title":{"rendered":"Sustainable and future-oriented - CuroCon GmbH installs a photovoltaic system on the roof"},"content":{"rendered":"\n[et_pb_section fb_built=&#8220;1&#8243; admin_label=&#8220;section&#8220; _builder_version=&#8220;3.22&#8243; global_colors_info=&#8220;{}&#8220;][et_pb_row admin_label=&#8220;row&#8220; _builder_version=&#8220;3.25&#8243; background_size=&#8220;initial&#8220; background_position=&#8220;top_left&#8220; background_repeat=&#8220;repeat&#8220; custom_padding=&#8220;28px|||||&#8220; global_colors_info=&#8220;{}&#8220;][et_pb_column type=&#8220;4_4&#8243; _builder_version=&#8220;3.25&#8243; custom_padding=&#8220;|||&#8220; global_colors_info=&#8220;{}&#8220; custom_padding__hover=&#8220;|||&#8220;][et_pb_text admin_label=&#8220;Text&#8220; _builder_version=&#8220;4.13.1&#8243; background_size=&#8220;initial&#8220; background_position=&#8220;top_left&#8220; background_repeat=&#8220;repeat&#8220; custom_padding=&#8220;0px|||||&#8220; global_colors_info=&#8220;{}&#8220;]<p><!-- \/divi:paragraph --><\/p>\n<p><!-- divi:paragraph {\"fontSize\":\"medium\"} --><\/p>\n<p>Die <a href=\"https:\/\/www.curocon.de\/unternehmen\/\" target=\"_blank\" rel=\"noopener\">CuroCon GmbH<\/a> steht f\u00fcr zukunftsorientierte Technologien, deren Ausbau und Nutzung. So sind im betriebseigenen Fuhrpark Hybridfahrzeuge im Einsatz. Diese werden an den selbst modifiziert und gebauten Lades\u00e4ulen aufgeladen.<\/p>\n<p>Ziel der CuroCon GmbH ist es, den eigenen Energiebedarf mit vorhandenen Ressourcen zu decken. Doch nicht nur ein eigener Beitrag zum Umweltschutz kann so geleistet werden. Durch Nutzung erneuerbarer Energien wie Photovoltaik k\u00f6nnen Stromkosten gesenkt werden. Da war es nur eine Frage der Zeit, bis die CuroCon GmbH eine auf dem Dach installierte Photovoltaikanlage ihr Eigen nennen konnte. Deren Module wurden bereits Ende Oktober installiert. Damit in naher Zukunft die Anlage in Betrieb genommen werden kann, wird derzeit der Hauptverteilerkasten entsprechend erweitert.<\/p>\n<p><!-- divi:paragraph --><\/p>\n<p><!-- \/divi:paragraph --><\/p>\n<p><!-- divi:image {\"id\":5237,\"sizeSlug\":\"large\",\"linkDestination\":\"none\"} --><\/p>\n<figure class=\"wp-block-image size-large\"><img loading=\"lazy\" decoding=\"async\" src=\"https:\/\/www.curocon.de\/wp-content\/uploads\/2021\/11\/20211020_074914-1024x576.jpg\" alt=\"\" class=\"wp-image-5237\" width=\"690\" height=\"388\" \/><\/figure>\n<p><!-- \/divi:image --><\/p>\n<p><!-- divi:paragraph {\"className\":\"noMargin\"} --><\/p>\n<p class=\"noMargin\"><em>Abb. 2: Vorarbeiten zur Installation der Photovoltaikanlage 2021. Quelle: CuroCon GmbH.<\/em><\/p>\n<p><!-- divi:paragraph -->F\u00fcr die Installation der Photovoltaikanlage stehen auf dem betriebseigenen Flachdach ca. 280 qm zur Verf\u00fcgung. Diese Fl\u00e4che wurde mit 80x 370Wp (29,6kWp) Modulen ausgestattet.<\/p>\n<p><!-- \/divi:paragraph --><\/p>\n<p><!-- divi:paragraph -->Die CuroCon GmbH verf\u00fcgt \u00fcber 10 Ladepunkte f\u00fcr 10x Typ2 (22kW AC) und 2x CCS Combo2 (50kW, 700V DC), die mit der erzeugten Energie gef\u00fcttert werden.<\/p>\n<p><!-- \/divi:paragraph --><\/p>\n<p><!-- divi:paragraph -->Das Lastmanagement soll drei Ziele erf\u00fcllen: Zum Ersten soll der Eigenverbrauch, die Anteile des von der Solaranlage produzierten Stroms, die nicht in das \u00f6ffentliche Netz eingespeist wurden, maximiert werden. Ebenso gilt es die Autarkie, der Anteil des gesamten verbrauchten Stroms, der selbst generiert wurde, zu maximieren. Um dies zu erreichen w\u00e4re die einfachste L\u00f6sung, die Ladeleistung w\u00e4hrend des gesamten Tages exakt gleich der Generatorleistung zu halten. Das zweite Ziel ist es, alle Elektroautos bei der Abfahrt f\u00fcr eine maximale Reichweite vollgeladen zu haben. Die einfachste L\u00f6sung w\u00e4re bei der Ankunft eines EV die Ladeleistung auf ihr Maximum zu erh\u00f6hen, um somit ein m\u00f6glichst schnelles Ende des Ladevorgangs zu erreichen. Die dritte Zielsetzung ist die Limitierung der maximal bezogenen Leistung aus dem \u00f6ffentlichen Stromnetz.<\/p>\n<p><!-- \/divi:paragraph --><\/p>\n<p><!-- divi:paragraph -->Die finanzielle Photovoltaikplanung mit m\u00f6glichst schneller Amortisation sah folgenderma\u00dfen aus:<\/p>\n<p>&nbsp;<\/p>\n<p><img loading=\"lazy\" decoding=\"async\" src=\"https:\/\/www.curocon.de\/wp-content\/uploads\/2021\/11\/CuroCon_Photovoltaik_Ehrhard_01-1024x238.jpg\" width=\"1024\" height=\"238\" alt=\"\" class=\"wp-image-5259 alignnone size-large\" srcset=\"https:\/\/www.curocon.de\/wp-content\/uploads\/2021\/11\/CuroCon_Photovoltaik_Ehrhard_01-980x228.jpg 980w, https:\/\/www.curocon.de\/wp-content\/uploads\/2021\/11\/CuroCon_Photovoltaik_Ehrhard_01-480x112.jpg 480w\" sizes=\"(min-width: 0px) and (max-width: 480px) 480px, (min-width: 481px) and (max-width: 980px) 980px, (min-width: 981px) 1024px, 100vw\" \/><\/p>\n<p><em>Abb. 3: Planung finanzielle Amortisation. Quelle: Ehrhard, Jasmin: Bachelorarbeit, 2020.<\/em><\/p>\n<p><!-- \/divi:paragraph --><\/p>\n<p><!-- divi:paragraph --><\/p>\n<p>Die technische Umsetzung wurde ebenso geplant. Als Grundlage wurde eine Energieprognose f\u00fcr die Photovoltaikanlage und die Ladeinfrastruktur erstellt. Vorgabe war es, die Software eigenst\u00e4ndig und als Erweiterung f\u00fcr das hauseigene Automatisierungssystem <a href=\"https:\/\/www.curocon.de\/produkte\/#stationaer\" target=\"_blank\" rel=\"noopener\">CuroControl\u00ae<\/a> zu nutzen.<\/p>\n<p>F\u00fcr eine \u00f6konomische Lastverteilung wird eine Steuerung verwendet, die echtzeitnah den momentanen Verbrauch mit der verf\u00fcgbaren Leistung vergleicht und diese automatisiert zuweist. Hierf\u00fcr ist die bereits vorhandene Steuerung des Ladeparks erweitert und angepasst worden und befindet sich im laufenden Weiterentwicklungs- und Evaluierungsprozess.<\/p>\n<p>&nbsp;<\/p>\n<p><img loading=\"lazy\" decoding=\"async\" src=\"https:\/\/www.curocon.de\/wp-content\/uploads\/2021\/11\/CuroCon_Energiemanagementsystem_Ehrhard-1024x380.png\" width=\"1024\" height=\"380\" alt=\"\" class=\"wp-image-5243 alignnone size-large\" srcset=\"https:\/\/www.curocon.de\/wp-content\/uploads\/2021\/11\/CuroCon_Energiemanagementsystem_Ehrhard-980x364.png 980w, https:\/\/www.curocon.de\/wp-content\/uploads\/2021\/11\/CuroCon_Energiemanagementsystem_Ehrhard-480x178.png 480w\" sizes=\"(min-width: 0px) and (max-width: 480px) 480px, (min-width: 481px) and (max-width: 980px) 980px, (min-width: 981px) 1024px, 100vw\" \/><\/p>\n<p><em>Abb. 4: technisches Energiemanagementsystem. Quelle: Ehrhard, Jasmin: Bachelorarbeit, 2020.<\/em><\/p>\n<p>Die Verteilung der Energie wird dabei nach dem gr\u00f6\u00dften anzunehmenden Verbraucher im Wochenzeitplan geplant sowie zugewiesen.<\/p>\n<p>Zuk\u00fcnftig wird neben der PV-Anlage ein rotatorischer Speicher der Firma \u201eADAPTIVE Balancing Power\u201c in Form eines Massenschwungrads f\u00fcr eine Erh\u00f6hung der Autarkie bzw. zur Unterst\u00fctzung der DC-Ladepunkte, integriert.<\/p>\n<p>&nbsp;<\/p>\n<p><em>Quellen:<\/em><\/p>\n<p><em>Ehrhard, Jasmin: Konzeptionierung eines Energiemanagements mit intelligenter Last- und Laderegelung, Bachelorarbeit, 2020.<\/em><\/p>\n<p><em>Geipert, Adrian: Erweiterung eines Last-\/Energiemanagements f\u00fcr <\/em><em>Geb\u00e4ude-Automatisierung mit Ladeinfrastruktur, Praktikumsbericht, 2021.<\/em><\/p>\n<p><em><\/em><\/p>\n<p><em>Weiterf\u00fchrende Seiten:<\/em><\/p>\n<p><em><a href=\"https:\/\/www.energieland.hessen.de\/solar-kataster\" target=\"_blank\" rel=\"noopener\">https:\/\/www.energieland.hessen.de\/solar-kataster<\/a><a href=\"https:\/\/www.energieland.hessen.de\/solar-kataster\"><\/a><\/em><\/p>\n<p><em><a href=\"https:\/\/www.adaptive-balancing.de\/produkt\/\" target=\"_blank\" rel=\"noopener\">https:\/\/adaptive-ballancing.de\/produkt\/<\/a><\/em><\/p>\n<p><!-- \/divi:paragraph --><\/p>[\/et_pb_text][\/et_pb_column][\/et_pb_row][\/et_pb_section]\n","protected":false},"excerpt":{"rendered":"<p>Die CuroCon GmbH steht f\u00fcr zukunftsorientierte Technologien, deren Ausbau und Nutzung. So sind im betriebseigenen Fuhrpark Hybridfahrzeuge im Einsatz. Diese werden an den selbst modifiziert und gebauten Lades\u00e4ulen aufgeladen. Ziel der CuroCon GmbH ist es, den eigenen Energiebedarf mit vorhandenen Ressourcen zu decken. Doch nicht nur ein eigener Beitrag zum Umweltschutz kann so geleistet werden. [&hellip;]<\/p>\n","protected":false},"author":4,"featured_media":5235,"comment_status":"closed","ping_status":"closed","sticky":false,"template":"","format":"standard","meta":{"_et_pb_use_builder":"on","_et_pb_old_content":"<!-- wp:paragraph -->\n<p><\/p>\n<!-- \/wp:paragraph -->\n\n<!-- wp:paragraph {\"fontSize\":\"medium\"} -->\n<p class=\"has-medium-font-size\">Ziel der CuroCon GmbH ist es, den eigenen Energiebedarf mit vorhandenen Ressourcen zu decken. Doch nicht nur ein eigener Beitrag zum Umweltschutz kann so geleistet werden. Durch Nutzung erneuerbarer Energien wie Photovoltaik k\u00f6nnen Stromkosten gesenkt werden. Da war es nur eine Frage der Zeit, bis die CuroCon GmbH eine auf dem Dach installierte Photovoltaikanlage ihr Eigen nennen konnte. Deren Module wurden bereits Ende Oktober installiert. Damit in naher Zukunft die Anlage in Betrieb genommen werden kann, wird derzeit der Hauptverteilerkasten entsprechend erweitert.<\/p>\n<!-- \/wp:paragraph -->\n\n<!-- wp:paragraph -->\n<p><\/p>\n<!-- \/wp:paragraph -->\n\n<!-- wp:image {\"id\":5237,\"sizeSlug\":\"large\",\"linkDestination\":\"none\"} -->\n<figure class=\"wp-block-image size-large\"><img src=\"https:\/\/www.curocon.de\/wp-content\/uploads\/2021\/11\/20211020_074914-1024x576.jpg\" alt=\"\" class=\"wp-image-5237\"\/><\/figure>\n<!-- \/wp:image -->\n\n<!-- wp:paragraph {\"className\":\"noMargin\"} -->\n<p class=\"noMargin\"><em>Abb. 2: Vorarbeiten zur Installation der Photovoltaikanlage 2021. Quelle: CuroCon GmbH.<\/em><br><\/p>\n<!-- \/wp:paragraph -->\n\n<!-- wp:paragraph -->\n<p>F\u00fcr die Installation der Photovoltaikanlage stehen auf dem betriebseigenen Flachdach ca. 280 qm zur Verf\u00fcgung. Diese Fl\u00e4che wurde mit 80x 370Wp (29,6kWp) Modulen ausgestattet.<\/p>\n<!-- \/wp:paragraph -->\n\n<!-- wp:paragraph -->\n<p>Die CuroCon GmbH verf\u00fcgt \u00fcber 10 Ladepunkte f\u00fcr 10x Typ2 (22kW AC) und 2x CCS Combo2 (50kW, 700V DC), die mit der erzeugten Energie gef\u00fcttert werden.<\/p>\n<!-- \/wp:paragraph -->\n\n<!-- wp:paragraph -->\n<p>Das Lastmanagement soll drei Ziele erf\u00fcllen: Zum Ersten soll der Eigenverbrauch, die Anteile des von der Solaranlage produzierten Stroms, die nicht in das \u00f6ffentliche Netz eingespeist wurden, maximiert werden. Ebenso gilt es die Autarkie, der Anteil des gesamten verbrauchten Stroms, der selbst generiert wurde, zu maximieren. Um dies zu erreichen w\u00e4re die einfachste L\u00f6sung, die Ladeleistung w\u00e4hrend des gesamten Tages exakt gleich der Generatorleistung zu halten. Das zweite Ziel ist es, alle Elektroautos bei der Abfahrt f\u00fcr eine maximale Reichweite vollgeladen zu haben. Die einfachste L\u00f6sung w\u00e4re bei der Ankunft eines EV die Ladeleistung auf ihr Maximum zu erh\u00f6hen, um somit ein m\u00f6glichst schnelles Ende des Ladevorgangs zu erreichen. Die dritte Zielsetzung ist die Limitierung der maximal bezogenen Leistung aus dem \u00f6ffentlichen Stromnetz.<\/p>\n<!-- \/wp:paragraph -->\n\n<!-- wp:paragraph -->\n<p>Die finanzielle Photovoltaikplanung mit m\u00f6glichst schneller Amortisation sah folgenderma\u00dfen aus:<\/p>\n<!-- \/wp:paragraph -->\n\n<!-- wp:paragraph -->\n<p><\/p>\n<!-- \/wp:paragraph -->","_et_gb_content_width":"2880","footnotes":""},"categories":[10],"tags":[],"class_list":["post-5516","post","type-post","status-publish","format-standard","has-post-thumbnail","hentry","category-news"],"_links":{"self":[{"href":"https:\/\/www.curocon.de\/en\/wp-json\/wp\/v2\/posts\/5516","targetHints":{"allow":["GET"]}}],"collection":[{"href":"https:\/\/www.curocon.de\/en\/wp-json\/wp\/v2\/posts"}],"about":[{"href":"https:\/\/www.curocon.de\/en\/wp-json\/wp\/v2\/types\/post"}],"author":[{"embeddable":true,"href":"https:\/\/www.curocon.de\/en\/wp-json\/wp\/v2\/users\/4"}],"replies":[{"embeddable":true,"href":"https:\/\/www.curocon.de\/en\/wp-json\/wp\/v2\/comments?post=5516"}],"version-history":[{"count":2,"href":"https:\/\/www.curocon.de\/en\/wp-json\/wp\/v2\/posts\/5516\/revisions"}],"predecessor-version":[{"id":5524,"href":"https:\/\/www.curocon.de\/en\/wp-json\/wp\/v2\/posts\/5516\/revisions\/5524"}],"wp:featuredmedia":[{"embeddable":true,"href":"https:\/\/www.curocon.de\/en\/wp-json\/wp\/v2\/media\/5235"}],"wp:attachment":[{"href":"https:\/\/www.curocon.de\/en\/wp-json\/wp\/v2\/media?parent=5516"}],"wp:term":[{"taxonomy":"category","embeddable":true,"href":"https:\/\/www.curocon.de\/en\/wp-json\/wp\/v2\/categories?post=5516"},{"taxonomy":"post_tag","embeddable":true,"href":"https:\/\/www.curocon.de\/en\/wp-json\/wp\/v2\/tags?post=5516"}],"curies":[{"name":"wp","href":"https:\/\/api.w.org\/{rel}","templated":true}]}}