{"id":5558,"date":"2022-06-10T09:22:00","date_gmt":"2022-06-10T07:22:00","guid":{"rendered":"https:\/\/www.curocon.de\/?p=5558"},"modified":"2022-06-10T10:47:01","modified_gmt":"2022-06-10T08:47:01","slug":"curocon-auf-der-messe-the-battery-show","status":"publish","type":"post","link":"https:\/\/www.curocon.de\/en\/curocon-auf-der-messe-the-battery-show\/","title":{"rendered":"CuroCon at The Battery Show Europe trade fair"},"content":{"rendered":"<p>[et_pb_section fb_built=&#8220;1&#8243; _builder_version=&#8220;4.16&#8243; global_colors_info=&#8220;{}&#8220;][et_pb_row _builder_version=&#8220;4.16&#8243; background_size=&#8220;initial&#8220; background_position=&#8220;top_left&#8220; background_repeat=&#8220;repeat&#8220; hover_enabled=&#8220;0&#8243; global_colors_info=&#8220;{}&#8220; sticky_enabled=&#8220;0&#8243;][et_pb_column type=&#8220;4_4&#8243; _builder_version=&#8220;4.16&#8243; custom_padding=&#8220;|||&#8220; global_colors_info=&#8220;{}&#8220; custom_padding__hover=&#8220;|||&#8220;][et_pb_text _builder_version=&#8220;4.17.4&#8243; background_size=&#8220;initial&#8220; background_position=&#8220;top_left&#8220; background_repeat=&#8220;repeat&#8220; hover_enabled=&#8220;0&#8243; global_colors_info=&#8220;{}&#8220; sticky_enabled=&#8220;0&#8243;]<\/p>\n<p>Vom 28.06. bis zum 30.06.2022 \u00f6ffnet THE BATTERY SHOW EUROPE auf der Messe Stuttgart wieder seine Pforten. Etabliert als internationales Symposium und Messe f\u00fcr Batterie-Systeme und elektrische und hybride Antriebsstr\u00e4nge bietet sie Teilnehmern aus aller Welt die M\u00f6glichkeit miteinander in Kontakt zu treten und sich \u00fcber die neuesten Entwicklungen auf dem Markt der batterieelektrischen Elektrifizierung, insbesondere in der Mobilit\u00e4t, auszutauschen.<\/p>\n<p>Die CuroCon GmbH wird als einer der \u00fcber 480 gemeldeten Aussteller dabei sein. Unter dem Motto \u201eLyric und seine Partner\u201c stellt sie gemeinsam mit der Lyric Automation Germany GmbH aus. Gemeinsam werden sie die Ergebnisse ihrer gewinnbringenden Kooperation in Hard- und Softwareentwicklung mit Fokus auf die Batteriepr\u00fcfung pr\u00e4sentieren und interessierten Besuchern Einblick in ihre gemeinsam entwickelten End-Of-Line-Pr\u00fcfst\u00e4nde geben.<\/p>\n<p><!-- \/divi:paragraph --><\/p>\n<p><!-- divi:paragraph --><\/p>\n<p><img loading=\"lazy\" decoding=\"async\" src=\"https:\/\/www.curocon.de\/wp-content\/uploads\/2022\/02\/Lyric-Germany-logo-300x300.jpg\" width=\"130\" height=\"130\" alt=\"\" class=\"wp-image-5314 alignnone size-medium\" \/>\u00a0 \u00a0 \u00a0 \u00a0 \u00a0 \u00a0 \u00a0 \u00a0 \u00a0 \u00a0 \u00a0 \u00a0 \u00a0 \u00a0 \u00a0 \u00a0 \u00a0 \u00a0 \u00a0 \u00a0 \u00a0 \u00a0 \u00a0 \u00a0 \u00a0 \u00a0 \u00a0 \u00a0 \u00a0 \u00a0 \u00a0<img loading=\"lazy\" decoding=\"async\" src=\"https:\/\/www.curocon.de\/wp-content\/uploads\/2021\/02\/cropped-cropped-curoconfavicon-300x300.png\" width=\"170\" height=\"170\" alt=\"\" class=\"wp-image-3501 alignnone size-medium\" \/><\/p>\n<p>Als Hersteller f\u00fcr Gesamtsysteme bietet Lyric L\u00f6sungen nicht nur Batterie-Pr\u00fcfst\u00e4nde an, sondern auch vollautomatisierte Fertigungsstra\u00dfen von der Batteriezelle \u00fcber Batteriepack bis zum Batteriesystem. Die CuroCon bringt die im Haus entwickelten Automatisierungs-Software CuroControl\u00ae ma\u00dfgeblich in die Projekte mit ein und wird auf der Messe das System LyricMCS demonstrieren anhand einer EOL-Batteriepr\u00fcfung mittels CuroCon<em>trol<\/em>\u00ae-Box. Als universelles PC-basiertes Pr\u00fcf- und Automatisierungssystem zum Messen, Steuern, Regeln und Virtualisieren entwickelt, hat sich CuroCon<em>trol<\/em>\u00ae als modulare All-in-One L\u00f6sung f\u00fcr vielseitige und anspruchsvolle Anwendungen etabliert.<\/p>\n<p><em><img loading=\"lazy\" decoding=\"async\" src=\"https:\/\/www.curocon.de\/wp-content\/uploads\/2022\/06\/Bild1-300x169.jpg\" width=\"300\" height=\"169\" alt=\"\" class=\"wp-image-5577 alignnone size-medium\" \/><\/em><\/p>\n<p><em>Die CuroControl\u00ae-Box (Quelle: CuroCon)<\/em><\/p>\n<p>Die aktuelle Version 4.0 bietet dem Nutzer viele innovative Neuerungen. Das Gesamtsystem besteht jetzt aus einer feinmodularen Softwaresystembibliothek und kann damit bedarfsgerecht auf die gestellten Anforderungen skaliert werden. Dabei k\u00f6nnen die einzelnen Systemmodule auf verschiedensten Zielsystem implementiert werden und kommunizieren \u00fcber standardisierte Schnittstellen miteinander.<\/p>\n<p>Auch die Konstruktion und die Montage der auf die ben\u00f6tigten Funktionalit\u00e4ten passend abgestimmten Schaltanlagen inklusive der DC-Quelle\/Senke von wenigen Watt bis zu mehrere 100 kW k\u00f6nnen von CuroCon mitgeliefert werden.<\/p>\n<p>Sie finden uns auf dem Partner-Messestand der Lyric Automation GmbH in Halle 10 Stand B20. Wir freuen uns auf Ihren Besuch.<\/p>\n<p>Weiterf\u00fchrende Links:<\/p>\n<p><a href=\"https:\/\/www.thebatteryshow.eu\/en\/Home.html\" target=\"_blank\" rel=\"noopener\">https:\/\/www.thebatteryshow.eu\/en\/Home.html<\/a><\/p>\n<p><a href=\"http:\/\/de.lyric-robot.com\/\" target=\"_blank\" rel=\"noopener\">http:\/\/de.lyric-robot.com\/<\/a><\/p>\n<p><a href=\"https:\/\/www.curocon.de\/produkte\/#stationaer\" target=\"_blank\" rel=\"noopener\">https:\/\/www.curocon.de\/produkte\/#stationaer<\/a><\/p>\n<p><a href=\"https:\/\/www.curocon.de\/wp-content\/uploads\/2021\/02\/CuroControl-M_Datenblatt_20210128-1.pdf\" target=\"_blank\" rel=\"noopener\">https:\/\/www.curocon.de\/wp-content\/uploads\/2021\/02\/CuroControl-M_Datenblatt_20210128-1.pdf<\/a><\/p>\n<p><a href=\"https:\/\/tbse22.mapyourshow.com\/8_0\/exhibitor\/exhibitor-details.cfm?exhid=GEA378\" target=\"_blank\" rel=\"noopener\">CuroCon GmbH &#8211; The Battery Show Europe (mapyourshow.com)<\/a><\/p>\n<p><!-- \/divi:paragraph --><\/p>\n<p>[\/et_pb_text][\/et_pb_column][\/et_pb_row][\/et_pb_section]<\/p>\n","protected":false},"excerpt":{"rendered":"<p>Vom 28.06. bis zum 30.06.2022 \u00f6ffnet THE BATTERY SHOW EUROPE auf der Messe Stuttgart wieder seine Pforten. Etabliert als internationales Symposium und Messe f\u00fcr Batterie-Systeme und elektrische und hybride Antriebsstr\u00e4nge bietet sie Teilnehmern aus aller Welt die M\u00f6glichkeit miteinander in Kontakt zu treten und sich \u00fcber die neuesten Entwicklungen auf dem Markt der batterieelektrischen Elektrifizierung, [&hellip;]<\/p>\n","protected":false},"author":4,"featured_media":5579,"comment_status":"closed","ping_status":"closed","sticky":false,"template":"","format":"standard","meta":{"_et_pb_use_builder":"on","_et_pb_old_content":"<!-- wp:paragraph -->\n<p><\/p>\n<!-- \/wp:paragraph -->\n\n<!-- wp:paragraph {\"fontSize\":\"medium\"} -->\n<p class=\"has-medium-font-size\">Ziel der CuroCon GmbH ist es, den eigenen Energiebedarf mit vorhandenen Ressourcen zu decken. Doch nicht nur ein eigener Beitrag zum Umweltschutz kann so geleistet werden. Durch Nutzung erneuerbarer Energien wie Photovoltaik k\u00f6nnen Stromkosten gesenkt werden. Da war es nur eine Frage der Zeit, bis die CuroCon GmbH eine auf dem Dach installierte Photovoltaikanlage ihr Eigen nennen konnte. Deren Module wurden bereits Ende Oktober installiert. Damit in naher Zukunft die Anlage in Betrieb genommen werden kann, wird derzeit der Hauptverteilerkasten entsprechend erweitert.<\/p>\n<!-- \/wp:paragraph -->\n\n<!-- wp:paragraph -->\n<p><\/p>\n<!-- \/wp:paragraph -->\n\n<!-- wp:paragraph {\"className\":\"noMargin\"} -->\n<p class=\"noMargin\"><em>Abb. 2: Vorarbeiten zur Installation der Photovoltaikanlage 2021. Quelle: CuroCon GmbH.<\/em><br><\/p>\n<!-- \/wp:paragraph -->\n\n<!-- wp:paragraph -->\n<p>F\u00fcr die Installation der Photovoltaikanlage stehen auf dem betriebseigenen Flachdach ca. 280 qm zur Verf\u00fcgung. Diese Fl\u00e4che wurde mit 80x 370Wp (29,6kWp) Modulen ausgestattet.<\/p>\n<!-- \/wp:paragraph -->\n\n<!-- wp:paragraph -->\n<p>Die CuroCon GmbH verf\u00fcgt \u00fcber 10 Ladepunkte f\u00fcr 10x Typ2 (22kW AC) und 2x CCS Combo2 (50kW, 700V DC), die mit der erzeugten Energie gef\u00fcttert werden.<\/p>\n<!-- \/wp:paragraph -->\n\n<!-- wp:paragraph -->\n<p>Das Lastmanagement soll drei Ziele erf\u00fcllen: Zum Ersten soll der Eigenverbrauch, die Anteile des von der Solaranlage produzierten Stroms, die nicht in das \u00f6ffentliche Netz eingespeist wurden, maximiert werden. Ebenso gilt es die Autarkie, der Anteil des gesamten verbrauchten Stroms, der selbst generiert wurde, zu maximieren. Um dies zu erreichen w\u00e4re die einfachste L\u00f6sung, die Ladeleistung w\u00e4hrend des gesamten Tages exakt gleich der Generatorleistung zu halten. Das zweite Ziel ist es, alle Elektroautos bei der Abfahrt f\u00fcr eine maximale Reichweite vollgeladen zu haben. Die einfachste L\u00f6sung w\u00e4re bei der Ankunft eines EV die Ladeleistung auf ihr Maximum zu erh\u00f6hen, um somit ein m\u00f6glichst schnelles Ende des Ladevorgangs zu erreichen. Die dritte Zielsetzung ist die Limitierung der maximal bezogenen Leistung aus dem \u00f6ffentlichen Stromnetz.<\/p>\n<!-- \/wp:paragraph -->\n\n<!-- wp:paragraph -->\n<p>Die finanzielle Photovoltaikplanung mit m\u00f6glichst schneller Amortisation sah folgenderma\u00dfen aus:<\/p>\n<!-- \/wp:paragraph -->\n\n<!-- wp:paragraph -->\n<p><\/p>\n<!-- \/wp:paragraph -->","_et_gb_content_width":"2880","footnotes":""},"categories":[10],"tags":[],"class_list":["post-5558","post","type-post","status-publish","format-standard","has-post-thumbnail","hentry","category-news"],"_links":{"self":[{"href":"https:\/\/www.curocon.de\/en\/wp-json\/wp\/v2\/posts\/5558","targetHints":{"allow":["GET"]}}],"collection":[{"href":"https:\/\/www.curocon.de\/en\/wp-json\/wp\/v2\/posts"}],"about":[{"href":"https:\/\/www.curocon.de\/en\/wp-json\/wp\/v2\/types\/post"}],"author":[{"embeddable":true,"href":"https:\/\/www.curocon.de\/en\/wp-json\/wp\/v2\/users\/4"}],"replies":[{"embeddable":true,"href":"https:\/\/www.curocon.de\/en\/wp-json\/wp\/v2\/comments?post=5558"}],"version-history":[{"count":9,"href":"https:\/\/www.curocon.de\/en\/wp-json\/wp\/v2\/posts\/5558\/revisions"}],"predecessor-version":[{"id":5584,"href":"https:\/\/www.curocon.de\/en\/wp-json\/wp\/v2\/posts\/5558\/revisions\/5584"}],"wp:featuredmedia":[{"embeddable":true,"href":"https:\/\/www.curocon.de\/en\/wp-json\/wp\/v2\/media\/5579"}],"wp:attachment":[{"href":"https:\/\/www.curocon.de\/en\/wp-json\/wp\/v2\/media?parent=5558"}],"wp:term":[{"taxonomy":"category","embeddable":true,"href":"https:\/\/www.curocon.de\/en\/wp-json\/wp\/v2\/categories?post=5558"},{"taxonomy":"post_tag","embeddable":true,"href":"https:\/\/www.curocon.de\/en\/wp-json\/wp\/v2\/tags?post=5558"}],"curies":[{"name":"wp","href":"https:\/\/api.w.org\/{rel}","templated":true}]}}