{"id":5652,"date":"2022-08-09T09:17:13","date_gmt":"2022-08-09T07:17:13","guid":{"rendered":"https:\/\/www.curocon.de\/?p=5652"},"modified":"2023-01-30T11:37:29","modified_gmt":"2023-01-30T10:37:29","slug":"endlich-wieder-moeglich-sommerfest-bei-der-curocon-gmbh","status":"publish","type":"post","link":"https:\/\/www.curocon.de\/en\/endlich-wieder-moeglich-sommerfest-bei-der-curocon-gmbh\/","title":{"rendered":"Finally possible again: Summer party at CuroCon GmbH"},"content":{"rendered":"\n[et_pb_section fb_built=&#8220;1&#8243; _builder_version=&#8220;4.16&#8243; global_colors_info=&#8220;{}&#8220;][et_pb_row _builder_version=&#8220;4.16&#8243; background_size=&#8220;initial&#8220; background_position=&#8220;top_left&#8220; background_repeat=&#8220;repeat&#8220; global_colors_info=&#8220;{}&#8220;][et_pb_column type=&#8220;4_4&#8243; _builder_version=&#8220;4.16&#8243; custom_padding=&#8220;|||&#8220; global_colors_info=&#8220;{}&#8220; custom_padding__hover=&#8220;|||&#8220;][et_pb_text _builder_version=&#8220;4.18.0&#8243; background_size=&#8220;initial&#8220; background_position=&#8220;top_left&#8220; background_repeat=&#8220;repeat&#8220; hover_enabled=&#8220;0&#8243; global_colors_info=&#8220;{}&#8220; sticky_enabled=&#8220;0&#8243;]<p>Nach zwei Jahren Pause war es endlich wieder so weit: Auf dem Firmengel\u00e4nde der CuroCon fand das diesj\u00e4hrige Sommerfest bei strahlendem Sonnenschein statt.<\/p>\n<p>Im Anschluss an den Willkommensgru\u00df und die Ansprache der beiden Gesch\u00e4ftsf\u00fchrer Bernhard M\u00fcller und Michael Wi\u00dfbach wurden diesmal kleine \u201eDankesch\u00f6n\u201c an die Partner und Partnerinnen der MitarbeiterInnen \u00fcbergeben, um sich f\u00fcr deren Zusammenhalt und mentale Unterst\u00fctzung f\u00fcr die Firma auch in anstrengenden Zeiten zu bedanken.<\/p>\n<p><!-- \/divi:paragraph --><\/p>\n<p><!-- divi:paragraph --><\/p>\n<p><img loading=\"lazy\" decoding=\"async\" src=\"https:\/\/www.curocon.de\/wp-content\/uploads\/2022\/08\/Ansprache_wb_bm-300x300.jpg\" width=\"300\" height=\"300\" alt=\"\" class=\"wp-image-5649 alignnone size-medium\" \/><\/p>\n<p>Nicht nur die Partnerinnen und Partner, sondern auch die j\u00fcngeren Familienmitglieder waren zum Fest eingeladen, sodass ein buntes Treiben zwischen H\u00fcpfburg und Dosenwerfen entstand und fr\u00f6hliches Kinderlachen den Hof erf\u00fcllte.<\/p>\n<p><img loading=\"lazy\" decoding=\"async\" src=\"https:\/\/www.curocon.de\/wp-content\/uploads\/2022\/08\/Huepfburg_bearbeitet-300x200.jpg\" width=\"300\" height=\"200\" alt=\"\" class=\"wp-image-5650 alignnone size-medium\" \/><\/p>\n<p>F\u00fcr das leibliche Wohl war bestens gesorgt. Da gab es Salate, Hei\u00dfes vom Grill und gek\u00fchlte Getr\u00e4nke. Auch das Kuchenbuffet lie\u00df keine W\u00fcnsche offen. Highlight war der unerwartete Besuch des mobilen Eisverk\u00e4ufers.<\/p>\n<p>Sch\u00f6n war es, nach zwei Jahren alle wiederzusehen bzw. erstmals kennenzulernen. Interessante Gespr\u00e4che entstanden und Neuigkeiten wurden ausgetauscht. Jetzt freuen sich alle auf das n\u00e4chste Zusammenkommen \u2013 sp\u00e4testens zur Weihnachtsfeier 2022!<\/p>\n<p><em>Alle Fotos: CuroCon GmbH, 2022.<\/em><\/p>\n<p><!-- \/divi:paragraph --><\/p>[\/et_pb_text][\/et_pb_column][\/et_pb_row][\/et_pb_section]\n","protected":false},"excerpt":{"rendered":"<p>Nach zwei Jahren Pause war es endlich wieder so weit: Auf dem Firmengel\u00e4nde der CuroCon fand das diesj\u00e4hrige Sommerfest bei strahlendem Sonnenschein statt. Im Anschluss an den Willkommensgru\u00df und die Ansprache der beiden Gesch\u00e4ftsf\u00fchrer Bernhard M\u00fcller und Michael Wi\u00dfbach wurden diesmal kleine \u201eDankesch\u00f6n\u201c an die Partner und Partnerinnen der MitarbeiterInnen \u00fcbergeben, um sich f\u00fcr deren [&hellip;]<\/p>\n","protected":false},"author":4,"featured_media":5651,"comment_status":"closed","ping_status":"closed","sticky":false,"template":"","format":"standard","meta":{"_et_pb_use_builder":"on","_et_pb_old_content":"<!-- wp:paragraph -->\n<p><\/p>\n<!-- \/wp:paragraph -->\n\n<!-- wp:paragraph {\"fontSize\":\"medium\"} -->\n<p class=\"has-medium-font-size\">Ziel der CuroCon GmbH ist es, den eigenen Energiebedarf mit vorhandenen Ressourcen zu decken. Doch nicht nur ein eigener Beitrag zum Umweltschutz kann so geleistet werden. Durch Nutzung erneuerbarer Energien wie Photovoltaik k\u00f6nnen Stromkosten gesenkt werden. Da war es nur eine Frage der Zeit, bis die CuroCon GmbH eine auf dem Dach installierte Photovoltaikanlage ihr Eigen nennen konnte. Deren Module wurden bereits Ende Oktober installiert. Damit in naher Zukunft die Anlage in Betrieb genommen werden kann, wird derzeit der Hauptverteilerkasten entsprechend erweitert.<\/p>\n<!-- \/wp:paragraph -->\n\n<!-- wp:paragraph -->\n<p><\/p>\n<!-- \/wp:paragraph -->\n\n<!-- wp:paragraph {\"className\":\"noMargin\"} -->\n<p class=\"noMargin\"><em>Abb. 2: Vorarbeiten zur Installation der Photovoltaikanlage 2021. Quelle: CuroCon GmbH.<\/em><br><\/p>\n<!-- \/wp:paragraph -->\n\n<!-- wp:paragraph -->\n<p>F\u00fcr die Installation der Photovoltaikanlage stehen auf dem betriebseigenen Flachdach ca. 280 qm zur Verf\u00fcgung. Diese Fl\u00e4che wurde mit 80x 370Wp (29,6kWp) Modulen ausgestattet.<\/p>\n<!-- \/wp:paragraph -->\n\n<!-- wp:paragraph -->\n<p>Die CuroCon GmbH verf\u00fcgt \u00fcber 10 Ladepunkte f\u00fcr 10x Typ2 (22kW AC) und 2x CCS Combo2 (50kW, 700V DC), die mit der erzeugten Energie gef\u00fcttert werden.<\/p>\n<!-- \/wp:paragraph -->\n\n<!-- wp:paragraph -->\n<p>Das Lastmanagement soll drei Ziele erf\u00fcllen: Zum Ersten soll der Eigenverbrauch, die Anteile des von der Solaranlage produzierten Stroms, die nicht in das \u00f6ffentliche Netz eingespeist wurden, maximiert werden. Ebenso gilt es die Autarkie, der Anteil des gesamten verbrauchten Stroms, der selbst generiert wurde, zu maximieren. Um dies zu erreichen w\u00e4re die einfachste L\u00f6sung, die Ladeleistung w\u00e4hrend des gesamten Tages exakt gleich der Generatorleistung zu halten. Das zweite Ziel ist es, alle Elektroautos bei der Abfahrt f\u00fcr eine maximale Reichweite vollgeladen zu haben. Die einfachste L\u00f6sung w\u00e4re bei der Ankunft eines EV die Ladeleistung auf ihr Maximum zu erh\u00f6hen, um somit ein m\u00f6glichst schnelles Ende des Ladevorgangs zu erreichen. Die dritte Zielsetzung ist die Limitierung der maximal bezogenen Leistung aus dem \u00f6ffentlichen Stromnetz.<\/p>\n<!-- \/wp:paragraph -->\n\n<!-- wp:paragraph -->\n<p>Die finanzielle Photovoltaikplanung mit m\u00f6glichst schneller Amortisation sah folgenderma\u00dfen aus:<\/p>\n<!-- \/wp:paragraph -->\n\n<!-- wp:paragraph -->\n<p><\/p>\n<!-- \/wp:paragraph -->","_et_gb_content_width":"2880","footnotes":""},"categories":[10],"tags":[],"class_list":["post-5652","post","type-post","status-publish","format-standard","has-post-thumbnail","hentry","category-news"],"_links":{"self":[{"href":"https:\/\/www.curocon.de\/en\/wp-json\/wp\/v2\/posts\/5652","targetHints":{"allow":["GET"]}}],"collection":[{"href":"https:\/\/www.curocon.de\/en\/wp-json\/wp\/v2\/posts"}],"about":[{"href":"https:\/\/www.curocon.de\/en\/wp-json\/wp\/v2\/types\/post"}],"author":[{"embeddable":true,"href":"https:\/\/www.curocon.de\/en\/wp-json\/wp\/v2\/users\/4"}],"replies":[{"embeddable":true,"href":"https:\/\/www.curocon.de\/en\/wp-json\/wp\/v2\/comments?post=5652"}],"version-history":[{"count":7,"href":"https:\/\/www.curocon.de\/en\/wp-json\/wp\/v2\/posts\/5652\/revisions"}],"predecessor-version":[{"id":5712,"href":"https:\/\/www.curocon.de\/en\/wp-json\/wp\/v2\/posts\/5652\/revisions\/5712"}],"wp:featuredmedia":[{"embeddable":true,"href":"https:\/\/www.curocon.de\/en\/wp-json\/wp\/v2\/media\/5651"}],"wp:attachment":[{"href":"https:\/\/www.curocon.de\/en\/wp-json\/wp\/v2\/media?parent=5652"}],"wp:term":[{"taxonomy":"category","embeddable":true,"href":"https:\/\/www.curocon.de\/en\/wp-json\/wp\/v2\/categories?post=5652"},{"taxonomy":"post_tag","embeddable":true,"href":"https:\/\/www.curocon.de\/en\/wp-json\/wp\/v2\/tags?post=5652"}],"curies":[{"name":"wp","href":"https:\/\/api.w.org\/{rel}","templated":true}]}}