{"id":5663,"date":"2022-08-26T09:36:06","date_gmt":"2022-08-26T07:36:06","guid":{"rendered":"https:\/\/www.curocon.de\/?p=5663"},"modified":"2023-03-07T11:50:34","modified_gmt":"2023-03-07T10:50:34","slug":"the-battery-show-europe-rundum-positive-resonanz","status":"publish","type":"post","link":"https:\/\/www.curocon.de\/en\/the-battery-show-europe-rundum-positive-resonanz\/","title":{"rendered":"The Battery Show Europe - positive feedback all around"},"content":{"rendered":"<p>[et_pb_section fb_built=&#8220;1&#8243; _builder_version=&#8220;4.16&#8243; global_colors_info=&#8220;{}&#8220;][et_pb_row _builder_version=&#8220;4.16&#8243; background_size=&#8220;initial&#8220; background_position=&#8220;top_left&#8220; background_repeat=&#8220;repeat&#8220; hover_enabled=&#8220;0&#8243; global_colors_info=&#8220;{}&#8220; sticky_enabled=&#8220;0&#8243;][et_pb_column type=&#8220;4_4&#8243; _builder_version=&#8220;4.16&#8243; custom_padding=&#8220;|||&#8220; global_colors_info=&#8220;{}&#8220; custom_padding__hover=&#8220;|||&#8220;][et_pb_text _builder_version=&#8220;4.20.1&#8243; background_size=&#8220;initial&#8220; background_position=&#8220;top_left&#8220; background_repeat=&#8220;repeat&#8220; hover_enabled=&#8220;0&#8243; global_colors_info=&#8220;{}&#8220; sticky_enabled=&#8220;0&#8243;]<\/p>\n<p>Vom 28.06. bis zum 30.06.2022 bot die Messe The Battery Show Europe seinen Ausstellern und Besuchern wieder die M\u00f6glichkeit, sich in Pr\u00e4senz auszutauschen, Kontakte zu pflegen und zu zeigen, an welchen Projekten in den letzten beiden Jahren der Pandemie gearbeitet worden war.<\/p>\n<p>Mit gut 480 Ausstellern war in den Messehallen die geballte Kompetenz im Bereich Batterie-Systeme sowie elektrische und hybride Antriebsstr\u00e4nge vertreten.<\/p>\n<p>Gut besucht waren die Messehallen allemal. Doch nicht nur die Quantit\u00e4t der Besucher konnte sich sehen lassen. Am Stand der Lyric Automation Germany GmbH, auf dem auch die CuroCon GmbH ausstellte, war man von den interessanten, kompetenten und zukunftsweisenden Gespr\u00e4chen sehr angetan. \u201eWir freuen uns sehr \u00fcber die positive Resonanz unserer Kunden sowie Nachfragen potenzieller, zuk\u00fcnftiger Partner und sind mit dem Verlauf der Messe mehr als zufrieden\u201c, so Michael Wi\u00dfbach, Gesch\u00e4ftsf\u00fchrer der CuroCon GmbH.<\/p>\n<p><img loading=\"lazy\" decoding=\"async\" src=\"https:\/\/www.curocon.de\/wp-content\/uploads\/2022\/08\/Battery_Show_CuroCon_Messe_2022_in_Text-300x135.jpg\" width=\"300\" height=\"135\" alt=\"\" class=\"wp-image-5667 alignnone size-medium\" \/><\/p>\n<p>Die CuroCon stellte anhand eines funktionsf\u00e4higen Demonstrators sein selbst entwickeltes CuroCon<em>trol<\/em>\u00ae-Automatisierungssystem f\u00fcr die End-Of-Line-Pr\u00fcfung von Batteriesystemen vor. Als universelles PC-basiertes Pr\u00fcf- und Automatisierungssystem zum Messen, Steuern, Regeln und Virtualisieren entwickelt, hat sich CuroCon<em>trol<\/em>\u00ae als modulare All-in-One L\u00f6sung f\u00fcr vielseitige und anspruchsvolle Anwendungen etabliert.<\/p>\n<p>Zusammenfassend l\u00e4sst sich festhalten: Die Ausstellung war ein voller Erfolg!<\/p>\n<p>Weiterf\u00fchrende Links:<\/p>\n<p><a href=\"https:\/\/www.thebatteryshow.eu\/en\/Home.html\">https:\/\/www.thebatteryshow.eu\/en\/Home.html<\/a><\/p>\n<p><a href=\"http:\/\/de.lyric-robot.com\/\">http:\/\/de.lyric-robot.com\/<\/a><\/p>\n<p><a href=\"https:\/\/www.curocon.de\/produkte\/#stationaer\">https:\/\/www.curocon.de\/produkte\/#stationaer<\/a><\/p>\n<p><a href=\"https:\/\/www.curocon.de\/wp-content\/uploads\/2021\/02\/CuroControl-M_Datenblatt_20210128-1.pdf\">https:\/\/www.curocon.de\/wp-content\/uploads\/2021\/02\/CuroControl-M_Datenblatt_20210128-1.pdf<\/a><\/p>\n<p>&nbsp;<\/p>\n<p><em>Fotos: CuroCon GmbH, 2022.<\/em><\/p>\n<p><!-- \/divi:paragraph --><\/p>\n<p>[\/et_pb_text][\/et_pb_column][\/et_pb_row][\/et_pb_section]<\/p>\n","protected":false},"excerpt":{"rendered":"<p>Vom 28.06. bis zum 30.06.2022 bot die Messe The Battery Show Europe seinen Ausstellern und Besuchern wieder die M\u00f6glichkeit, sich in Pr\u00e4senz auszutauschen, Kontakte zu pflegen und zu zeigen, an welchen Projekten in den letzten beiden Jahren der Pandemie gearbeitet worden war. Mit gut 480 Ausstellern war in den Messehallen die geballte Kompetenz im Bereich [&hellip;]<\/p>\n","protected":false},"author":4,"featured_media":5666,"comment_status":"closed","ping_status":"closed","sticky":false,"template":"","format":"standard","meta":{"_et_pb_use_builder":"on","_et_pb_old_content":"<!-- wp:paragraph -->\n<p><\/p>\n<!-- \/wp:paragraph -->\n\n<!-- wp:paragraph {\"fontSize\":\"medium\"} -->\n<p class=\"has-medium-font-size\">Ziel der CuroCon GmbH ist es, den eigenen Energiebedarf mit vorhandenen Ressourcen zu decken. Doch nicht nur ein eigener Beitrag zum Umweltschutz kann so geleistet werden. Durch Nutzung erneuerbarer Energien wie Photovoltaik k\u00f6nnen Stromkosten gesenkt werden. Da war es nur eine Frage der Zeit, bis die CuroCon GmbH eine auf dem Dach installierte Photovoltaikanlage ihr Eigen nennen konnte. Deren Module wurden bereits Ende Oktober installiert. Damit in naher Zukunft die Anlage in Betrieb genommen werden kann, wird derzeit der Hauptverteilerkasten entsprechend erweitert.<\/p>\n<!-- \/wp:paragraph -->\n\n<!-- wp:paragraph -->\n<p><\/p>\n<!-- \/wp:paragraph -->\n\n<!-- wp:paragraph {\"className\":\"noMargin\"} -->\n<p class=\"noMargin\"><em>Abb. 2: Vorarbeiten zur Installation der Photovoltaikanlage 2021. Quelle: CuroCon GmbH.<\/em><br><\/p>\n<!-- \/wp:paragraph -->\n\n<!-- wp:paragraph -->\n<p>F\u00fcr die Installation der Photovoltaikanlage stehen auf dem betriebseigenen Flachdach ca. 280 qm zur Verf\u00fcgung. Diese Fl\u00e4che wurde mit 80x 370Wp (29,6kWp) Modulen ausgestattet.<\/p>\n<!-- \/wp:paragraph -->\n\n<!-- wp:paragraph -->\n<p>Die CuroCon GmbH verf\u00fcgt \u00fcber 10 Ladepunkte f\u00fcr 10x Typ2 (22kW AC) und 2x CCS Combo2 (50kW, 700V DC), die mit der erzeugten Energie gef\u00fcttert werden.<\/p>\n<!-- \/wp:paragraph -->\n\n<!-- wp:paragraph -->\n<p>Das Lastmanagement soll drei Ziele erf\u00fcllen: Zum Ersten soll der Eigenverbrauch, die Anteile des von der Solaranlage produzierten Stroms, die nicht in das \u00f6ffentliche Netz eingespeist wurden, maximiert werden. Ebenso gilt es die Autarkie, der Anteil des gesamten verbrauchten Stroms, der selbst generiert wurde, zu maximieren. Um dies zu erreichen w\u00e4re die einfachste L\u00f6sung, die Ladeleistung w\u00e4hrend des gesamten Tages exakt gleich der Generatorleistung zu halten. Das zweite Ziel ist es, alle Elektroautos bei der Abfahrt f\u00fcr eine maximale Reichweite vollgeladen zu haben. Die einfachste L\u00f6sung w\u00e4re bei der Ankunft eines EV die Ladeleistung auf ihr Maximum zu erh\u00f6hen, um somit ein m\u00f6glichst schnelles Ende des Ladevorgangs zu erreichen. Die dritte Zielsetzung ist die Limitierung der maximal bezogenen Leistung aus dem \u00f6ffentlichen Stromnetz.<\/p>\n<!-- \/wp:paragraph -->\n\n<!-- wp:paragraph -->\n<p>Die finanzielle Photovoltaikplanung mit m\u00f6glichst schneller Amortisation sah folgenderma\u00dfen aus:<\/p>\n<!-- \/wp:paragraph -->\n\n<!-- wp:paragraph -->\n<p><\/p>\n<!-- \/wp:paragraph -->","_et_gb_content_width":"2880","footnotes":""},"categories":[10],"tags":[],"class_list":["post-5663","post","type-post","status-publish","format-standard","has-post-thumbnail","hentry","category-news"],"_links":{"self":[{"href":"https:\/\/www.curocon.de\/en\/wp-json\/wp\/v2\/posts\/5663","targetHints":{"allow":["GET"]}}],"collection":[{"href":"https:\/\/www.curocon.de\/en\/wp-json\/wp\/v2\/posts"}],"about":[{"href":"https:\/\/www.curocon.de\/en\/wp-json\/wp\/v2\/types\/post"}],"author":[{"embeddable":true,"href":"https:\/\/www.curocon.de\/en\/wp-json\/wp\/v2\/users\/4"}],"replies":[{"embeddable":true,"href":"https:\/\/www.curocon.de\/en\/wp-json\/wp\/v2\/comments?post=5663"}],"version-history":[{"count":6,"href":"https:\/\/www.curocon.de\/en\/wp-json\/wp\/v2\/posts\/5663\/revisions"}],"predecessor-version":[{"id":5734,"href":"https:\/\/www.curocon.de\/en\/wp-json\/wp\/v2\/posts\/5663\/revisions\/5734"}],"wp:featuredmedia":[{"embeddable":true,"href":"https:\/\/www.curocon.de\/en\/wp-json\/wp\/v2\/media\/5666"}],"wp:attachment":[{"href":"https:\/\/www.curocon.de\/en\/wp-json\/wp\/v2\/media?parent=5663"}],"wp:term":[{"taxonomy":"category","embeddable":true,"href":"https:\/\/www.curocon.de\/en\/wp-json\/wp\/v2\/categories?post=5663"},{"taxonomy":"post_tag","embeddable":true,"href":"https:\/\/www.curocon.de\/en\/wp-json\/wp\/v2\/tags?post=5663"}],"curies":[{"name":"wp","href":"https:\/\/api.w.org\/{rel}","templated":true}]}}