{"id":5671,"date":"2022-09-08T09:50:44","date_gmt":"2022-09-08T07:50:44","guid":{"rendered":"https:\/\/www.curocon.de\/?p=5671"},"modified":"2023-01-30T11:36:42","modified_gmt":"2023-01-30T10:36:42","slug":"die-curocon-gmbh-ist-eine-treibenden-kraefte-in-der-umsetzung-der-energiewende-deutschlands","status":"publish","type":"post","link":"https:\/\/www.curocon.de\/en\/die-curocon-gmbh-ist-eine-treibenden-kraefte-in-der-umsetzung-der-energiewende-deutschlands\/","title":{"rendered":"CuroCon GmbH is one of the driving forces in the implementation of Germany's energy transition"},"content":{"rendered":"\n\n[et_pb_section fb_built=&#8220;1&#8243; _builder_version=&#8220;4.16&#8243; global_colors_info=&#8220;{}&#8220;][et_pb_row _builder_version=&#8220;4.16&#8243; background_size=&#8220;initial&#8220; background_position=&#8220;top_left&#8220; background_repeat=&#8220;repeat&#8220; global_colors_info=&#8220;{}&#8220;][et_pb_column type=&#8220;4_4&#8243; _builder_version=&#8220;4.16&#8243; custom_padding=&#8220;|||&#8220; global_colors_info=&#8220;{}&#8220; custom_padding__hover=&#8220;|||&#8220;][et_pb_text _builder_version=&#8220;4.18.0&#8243; background_size=&#8220;initial&#8220; background_position=&#8220;top_left&#8220; background_repeat=&#8220;repeat&#8220; hover_enabled=&#8220;0&#8243; global_colors_info=&#8220;{}&#8220; sticky_enabled=&#8220;0&#8243;]<p><em>Abb.: Buffered-HLL, Pantographen-Ladesystem mit Energiespeicher, (Bild: Adaptive Balancing Power GmbH).<\/em><\/p>\n<p>Nichts dominiert die Medienberichterstattung dieser Tage so wie die drohende Knappheit von Energieressourcen und -lieferungen auf der einen Seite und dem Klimawandel auf der anderen Seite. L\u00e4ngst ist es notwendig dem gegenzusteuern und alternative Konzepte zu entwickeln.<\/p>\n<p>Die Nutzung von Strom als alternativer Energietr\u00e4ger f\u00fcr PKW ist in der Breite angekommen. Mit Ausbau des Personennahverkehrs und der Diskussion um 9,- Euro Tickets erh\u00e4lt das Thema Elektrifizierung vom \u00f6ffentlichen Personennahverkehr eine zus\u00e4tzliche Brisanz.<\/p>\n<p>Unser Konsortium aus f\u00fcnf Akteuren der Wirtschaft und Forschung hat im Rahmen des Projektes \u201eBuffered-HLL\u201c mit dem Bau eines noch nicht da gewesenen Speicher- und Ladenetzes f\u00fcr elektrische Busse begonnen. Bis dato gibt es Einschr\u00e4nkungen aufgrund eines schlecht ausgebauten Stromnetzes, vor allem im l\u00e4ndlichen Raum. Hier ist es jedoch besonders wichtig, dass vollelektrische Busse f\u00fcr die l\u00e4ngeren Strecken, die sie zur\u00fccklegen m\u00fcssen, schnell geladen werden und damit z\u00fcgig wieder einsatzbereit sind. Die bisherigen Ladungen \u00fcber Nacht reichen oft nicht aus f\u00fcr die t\u00e4glichen Busuml\u00e4ufe.<\/p>\n<p>In Bensheim an der Bergstra\u00dfe werden diese Aufgaben nun erforscht und gel\u00f6st. Ziele sind zum einen ein automatisches Pantographen-Ladesystem, das eine automatische Zwischenladungen erm\u00f6glicht. Zum anderen soll ein Steuerungssystem mit dem Betriebshofmanagement kommunizieren und so die Ladeprozess optimieren.<\/p>\n<p>Dabei soll eine modulare und skalierbare HV-Box im Pantographen-Ladesystem-Verbund f\u00fcr DC-Quellen aufgebaut werden. Mittels patentiertem, magnetisch im Hochvakuum gelagertem Schwungmassespeichers wird die Energie aus dem Stromnetz gesammelt und mit hoher Leistung an das Fahrzeug weitergegeben. Dadurch wird eine bis zu sechsfache Leistung f\u00fcr einen Schnellladevorgang erreicht. Bereits nach wenigen Minuten kann der Bus seinen Weg fortsetzen.<\/p>\n<p>Die CuroCon GmbH ist zust\u00e4ndig f\u00fcr die gesamte Leistungselektronik sowie die Kommunikation zwischen Ladeinfrastruktur und Bus. Dabei kann sie auf ihre langj\u00e4hrige Expertise in diesem Bereich zur\u00fcckgreifen. In bisherigen Kundenprojekten aus dem Pr\u00fcfstandsbereich wurden diverse HV-Anlagen zum normkonformen Laden von Elektrofahrzeugen unter dem Markennamen DC-LinkUp\u00ae kundenspezifisch entwickelt und programmiert. Ein Depot-Ladesystem mit 10 AC-Ladepunkten und 2 DC-Ladepunkten wurde am firmeneigenen Standort mit frei programmierbarem Last- und Energiemanagement aufgebaut und dient der Weiterentwicklung der eigenen Technologien.<\/p>\n<p>Das Projekt wird gef\u00f6rdert durch das Bundesministerium f\u00fcr Wirtschaft und Klimaschutz (BMWK) und l\u00e4uft bis Juni 2024.<\/p>\n<p>&nbsp;<\/p>\n<p><u>Quellen:<\/u><\/p>\n<p>Adaptive Balancing Power GmbH: L\u00f6sung f\u00fcr die Mobilit\u00e4tswende in der Fl\u00e4che: Der \u00d6PNV wird jetzt auch auf dem Land elektrisch. Pressemitteilung, 2022.<\/p>\n<p>CuroCon GmbH: Interne Unterlagen.<\/p>\n<p>Isabellenh\u00fctte: \u00d6PNV auf dem Land: Schnellladestationen f\u00fcr E-Busse, Pressemitteilung 02\/2022, 2022.<\/p>\n<p>&nbsp;<\/p>\n<p><u>Weiterf\u00fchrende Informationen:<\/u><\/p>\n<p><a href=\"https:\/\/www.adaptive-balancing.de\/projekt-buffered-hll-testet-pantographen-schnellladestationen-mit-hochleistungs-schwungmassenspeicher-fuer-e-busse-im-laendlichen-raum\/\">https:\/\/www.adaptive-balancing.de\/projekt-buffered-hll-testet-pantographen-schnellladestationen-mit-hochleistungs-schwungmassenspeicher-fuer-e-busse-im-laendlichen-raum\/<\/a><\/p>\n<p><a href=\"https:\/\/reiner-lemoine-institut.de\/buffered-hll\/\">https:\/\/reiner-lemoine-institut.de\/buffered-hll\/<\/a><\/p>\n<p><a href=\"https:\/\/www.electrive.net\/2022\/07\/01\/abp-baut-neuartige-pantographen-schnellladestation-in-hessen\/\">https:\/\/www.electrive.net\/2022\/07\/01\/abp-baut-neuartige-pantographen-schnellladestation-in-hessen\/<\/a><\/p>\n<p><a href=\"https:\/\/www.energiezukunft.eu\/mobilitaet\/projekt-zur-elektrisierung-des-oepnv-auf-dem-land\/\">https:\/\/www.energiezukunft.eu\/mobilitaet\/projekt-zur-elektrisierung-des-oepnv-auf-dem-land\/<\/a><\/p>\n<p>&nbsp;<\/p>\n<p><u>Partner:<\/u><\/p>\n<p>Adaptive Balancing Power GmbH<\/p>\n<p>CuroCon GmbH<\/p>\n<p>Isabellenh\u00fctte Heusler<\/p>\n<p>Reiner Lemoine Institut<\/p>\n<p>Verkehrsgesellschaft Gersprenztal mbH (VGG)<\/p>\n<p><img loading=\"lazy\" decoding=\"async\" src=\"https:\/\/www.curocon.de\/wp-content\/uploads\/2022\/08\/BMWK_Fz_2017_Office_Farbe_de-291x300.png\" width=\"291\" height=\"300\" alt=\"\" class=\"wp-image-5674 alignnone size-medium\" \/>\u00a0 \u00a0 \u00a0 \u00a0 \u00a0 \u00a0 \u00a0 \u00a0 \u00a0 \u00a0 \u00a0 \u00a0 \u00a0 \u00a0 \u00a0 <img loading=\"lazy\" decoding=\"async\" src=\"https:\/\/www.curocon.de\/wp-content\/uploads\/2022\/08\/DLR-PT_Logo-1-300x105.jpg\" width=\"300\" height=\"105\" alt=\"\" class=\"wp-image-5677 alignnone size-medium\" \/><\/p>\n<p><!-- \/divi:paragraph --><\/p>[\/et_pb_text][\/et_pb_column][\/et_pb_row][\/et_pb_section]\n\n","protected":false},"excerpt":{"rendered":"<p>Abb.: Buffered-HLL, Pantographen-Ladesystem mit Energiespeicher, (Bild: Adaptive Balancing Power GmbH). Nichts dominiert die Medienberichterstattung dieser Tage so wie die drohende Knappheit von Energieressourcen und -lieferungen auf der einen Seite und dem Klimawandel auf der anderen Seite. L\u00e4ngst ist es notwendig dem gegenzusteuern und alternative Konzepte zu entwickeln. Die Nutzung von Strom als alternativer Energietr\u00e4ger f\u00fcr [&hellip;]<\/p>\n","protected":false},"author":4,"featured_media":5675,"comment_status":"closed","ping_status":"closed","sticky":false,"template":"","format":"standard","meta":{"_et_pb_use_builder":"on","_et_pb_old_content":"<!-- wp:paragraph -->\n<p><\/p>\n<!-- \/wp:paragraph -->\n\n<!-- wp:paragraph {\"fontSize\":\"medium\"} -->\n<p class=\"has-medium-font-size\">Ziel der CuroCon GmbH ist es, den eigenen Energiebedarf mit vorhandenen Ressourcen zu decken. Doch nicht nur ein eigener Beitrag zum Umweltschutz kann so geleistet werden. Durch Nutzung erneuerbarer Energien wie Photovoltaik k\u00f6nnen Stromkosten gesenkt werden. Da war es nur eine Frage der Zeit, bis die CuroCon GmbH eine auf dem Dach installierte Photovoltaikanlage ihr Eigen nennen konnte. Deren Module wurden bereits Ende Oktober installiert. Damit in naher Zukunft die Anlage in Betrieb genommen werden kann, wird derzeit der Hauptverteilerkasten entsprechend erweitert.<\/p>\n<!-- \/wp:paragraph -->\n\n<!-- wp:paragraph -->\n<p><\/p>\n<!-- \/wp:paragraph -->\n\n<!-- wp:paragraph {\"className\":\"noMargin\"} -->\n<p class=\"noMargin\"><em>Abb. 2: Vorarbeiten zur Installation der Photovoltaikanlage 2021. Quelle: CuroCon GmbH.<\/em><br><\/p>\n<!-- \/wp:paragraph -->\n\n<!-- wp:paragraph -->\n<p>F\u00fcr die Installation der Photovoltaikanlage stehen auf dem betriebseigenen Flachdach ca. 280 qm zur Verf\u00fcgung. Diese Fl\u00e4che wurde mit 80x 370Wp (29,6kWp) Modulen ausgestattet.<\/p>\n<!-- \/wp:paragraph -->\n\n<!-- wp:paragraph -->\n<p>Die CuroCon GmbH verf\u00fcgt \u00fcber 10 Ladepunkte f\u00fcr 10x Typ2 (22kW AC) und 2x CCS Combo2 (50kW, 700V DC), die mit der erzeugten Energie gef\u00fcttert werden.<\/p>\n<!-- \/wp:paragraph -->\n\n<!-- wp:paragraph -->\n<p>Das Lastmanagement soll drei Ziele erf\u00fcllen: Zum Ersten soll der Eigenverbrauch, die Anteile des von der Solaranlage produzierten Stroms, die nicht in das \u00f6ffentliche Netz eingespeist wurden, maximiert werden. Ebenso gilt es die Autarkie, der Anteil des gesamten verbrauchten Stroms, der selbst generiert wurde, zu maximieren. Um dies zu erreichen w\u00e4re die einfachste L\u00f6sung, die Ladeleistung w\u00e4hrend des gesamten Tages exakt gleich der Generatorleistung zu halten. Das zweite Ziel ist es, alle Elektroautos bei der Abfahrt f\u00fcr eine maximale Reichweite vollgeladen zu haben. Die einfachste L\u00f6sung w\u00e4re bei der Ankunft eines EV die Ladeleistung auf ihr Maximum zu erh\u00f6hen, um somit ein m\u00f6glichst schnelles Ende des Ladevorgangs zu erreichen. Die dritte Zielsetzung ist die Limitierung der maximal bezogenen Leistung aus dem \u00f6ffentlichen Stromnetz.<\/p>\n<!-- \/wp:paragraph -->\n\n<!-- wp:paragraph -->\n<p>Die finanzielle Photovoltaikplanung mit m\u00f6glichst schneller Amortisation sah folgenderma\u00dfen aus:<\/p>\n<!-- \/wp:paragraph -->\n\n<!-- wp:paragraph -->\n<p><\/p>\n<!-- \/wp:paragraph -->","_et_gb_content_width":"2880","footnotes":""},"categories":[10],"tags":[],"class_list":["post-5671","post","type-post","status-publish","format-standard","has-post-thumbnail","hentry","category-news"],"_links":{"self":[{"href":"https:\/\/www.curocon.de\/en\/wp-json\/wp\/v2\/posts\/5671","targetHints":{"allow":["GET"]}}],"collection":[{"href":"https:\/\/www.curocon.de\/en\/wp-json\/wp\/v2\/posts"}],"about":[{"href":"https:\/\/www.curocon.de\/en\/wp-json\/wp\/v2\/types\/post"}],"author":[{"embeddable":true,"href":"https:\/\/www.curocon.de\/en\/wp-json\/wp\/v2\/users\/4"}],"replies":[{"embeddable":true,"href":"https:\/\/www.curocon.de\/en\/wp-json\/wp\/v2\/comments?post=5671"}],"version-history":[{"count":3,"href":"https:\/\/www.curocon.de\/en\/wp-json\/wp\/v2\/posts\/5671\/revisions"}],"predecessor-version":[{"id":5697,"href":"https:\/\/www.curocon.de\/en\/wp-json\/wp\/v2\/posts\/5671\/revisions\/5697"}],"wp:featuredmedia":[{"embeddable":true,"href":"https:\/\/www.curocon.de\/en\/wp-json\/wp\/v2\/media\/5675"}],"wp:attachment":[{"href":"https:\/\/www.curocon.de\/en\/wp-json\/wp\/v2\/media?parent=5671"}],"wp:term":[{"taxonomy":"category","embeddable":true,"href":"https:\/\/www.curocon.de\/en\/wp-json\/wp\/v2\/categories?post=5671"},{"taxonomy":"post_tag","embeddable":true,"href":"https:\/\/www.curocon.de\/en\/wp-json\/wp\/v2\/tags?post=5671"}],"curies":[{"name":"wp","href":"https:\/\/api.w.org\/{rel}","templated":true}]}}