{"id":5715,"date":"2023-02-21T09:00:05","date_gmt":"2023-02-21T08:00:05","guid":{"rendered":"https:\/\/www.curocon.de\/?p=5715"},"modified":"2023-02-21T09:00:05","modified_gmt":"2023-02-21T08:00:05","slug":"alltagstaugliche-e-mobilitaet-konsortium-setzt-neuen-standard-fuer-barrierefreies-und-sicheres-bezahlen-beim-ad-hoc-laden","status":"publish","type":"post","link":"https:\/\/www.curocon.de\/en\/alltagstaugliche-e-mobilitaet-konsortium-setzt-neuen-standard-fuer-barrierefreies-und-sicheres-bezahlen-beim-ad-hoc-laden\/","title":{"rendered":"Everyday e-mobility: consortium sets new standard for barrier-free and secure payment for ad-hoc charging"},"content":{"rendered":"<p>[et_pb_section fb_built=&#8220;1&#8243; _builder_version=&#8220;4.16&#8243; global_colors_info=&#8220;{}&#8220;][et_pb_row _builder_version=&#8220;4.16&#8243; background_size=&#8220;initial&#8220; background_position=&#8220;top_left&#8220; background_repeat=&#8220;repeat&#8220; hover_enabled=&#8220;0&#8243; global_colors_info=&#8220;{}&#8220; sticky_enabled=&#8220;0&#8243;][et_pb_column type=&#8220;4_4&#8243; _builder_version=&#8220;4.16&#8243; custom_padding=&#8220;|||&#8220; global_colors_info=&#8220;{}&#8220; custom_padding__hover=&#8220;|||&#8220;][et_pb_text _builder_version=&#8220;4.20.0&#8243; background_size=&#8220;initial&#8220; background_position=&#8220;top_left&#8220; background_repeat=&#8220;repeat&#8220; hover_enabled=&#8220;0&#8243; global_colors_info=&#8220;{}&#8220; sticky_enabled=&#8220;0&#8243;]<\/p>\n<p><em>Abb.: Setzen neuen Standard f\u00fcr barrierefreies und sicheres Bezahlen an Lades\u00e4ulen. V.l.n.r. Elmar Band (DAF\u00dcR GmbH), Michael Wi\u00dfbach (CuroCon GmbH) und Dr. Hendrik Schaede-Bodenschatz (Adaptive Balancing Power GmbH), \u00a9 Adaptive Balancing Power, 2023.<\/em><\/p>\n<p>Die DAF\u00dcR GmbH, die CuroCon GmbH und die Adaptive Balancing Power GmbH haben ihre Zusammenarbeit bekannt gegeben. Das Ziel der Unternehmen ist die Einf\u00fchrung von flexiblen und sicheren Zahlungs- und Abrechnungsl\u00f6sungen beim spontanen ad-hoc-Laden. Sp\u00e4testens ab Juli 2023 m\u00fcssen in alle neuen Ladepunkte Leseger\u00e4te f\u00fcr g\u00e4ngige Debit- oder Kreditkarten eingebaut sein. Die Nachfrage nach entsprechenden Angeboten ist gro\u00df.<\/p>\n<p>\u201eWir setzen mit unserer Technologie einen neuen Standard in Sachen Sicherheit, Steuerbarkeit und Bedienerfreundlichkeit f\u00fcr alle Beteiligten, vom Lades\u00e4ulen-Hersteller \u00fcber den Ladeservice-Anbieter bis zum Endkunden\u201c, erkl\u00e4rt Elmar Band, Gesch\u00e4ftsf\u00fchrer der DAF\u00dcR GmbH.<\/p>\n<p>Die DAF\u00dcR GmbH stattet Adaptive Balancing und CuroCon im Rahmen der Zusammenarbeit mit dem eigens entwickelten und aktuell fortschrittlichsten Charge Billing &amp; Payment System (CBPS) am Markt aus und schlie\u00dft so die L\u00fccke zwischen dem Charge Station Management System (CSMS) und dem Backend des Charge Point Operators (CPO).<\/p>\n<p>Nach einer Pilotphase soll die Technologie weiteren Lades\u00e4ulenherstellern und -betreibern zur Verf\u00fcgung gestellt werden.<\/p>\n<p><strong>Debitkarten, Kreditkarten, Wallets, PayBack und mehr: Deutschland-Premiere f\u00fcr barrierefreie Bezahlung <\/strong><\/p>\n<p>Neben barrierefreier Bezahlung im Open-Loop mit Debitkarten, Kreditkarten und diversen Wallets wickelt das integrierte Kassensystem auch Zahlungsfunktionalit\u00e4ten im Closed-Loop sowie eine Vielzahl weiterer Mehrwertdienste ab. Hierzu z\u00e4hlen Flottenkarten, Plug &amp; Charge (ISO 15118), betreibereigene Ladekarten, Voucher sowie die Unterst\u00fctzung f\u00fcr Kundenbindungssysteme wie beispielsweise PayBack. Auch Bereitstellung von Ressourcen f\u00fcr Anwendungen von Herstellern und Drittanbietern, Benachrichtigung \u00fcber SMS, Ermittlung von Blockierungsgeb\u00fchren, Rechnungserstellung und deren \u00dcbertragung an das CPO-Backend geh\u00f6ren zum Funktionsumfang des CBPS.<\/p>\n<p>\u201eE-Mobilit\u00e4t muss in der Fl\u00e4che und im Alltag ankommen. Dazu geh\u00f6rt, dass der Endkunde entscheiden kann, wie er bezahlen m\u00f6chte. Wir freuen uns sehr, hier als der erste Anbieter von ultraschnellen Ladel\u00f6sungen diese fortschrittlichen Bezahlungs- und Abrechnungsstandards einsetzen zu k\u00f6nnen\u201c, sagt Dr. Hendrik Schaede-Bodenschatz, Gesch\u00e4ftsf\u00fchrer der Adaptive Balancing Power GmbH.<\/p>\n<p><strong>\u00a0<\/strong><strong>Erfahrenes Konsortium aus dem deutschen Mittelstand<\/strong><\/p>\n<p>Die drei Unternehmen stehen f\u00fcr mehr als 70 Jahre Entwicklungs-, Ingenieurs- und Technologie-Know-how aus Deutschland. CuroCon aus Zwingenberg ist Spezialist f\u00fcr Leistungselektronik und Kommunikation zwischen Ladeinfrastruktur und E-Fahrzeugen. Der Ingenieurdienstleister verf\u00fcgt \u00fcber ausgiebige Erfahrung im Bereich der High-Tech-Automation industrieller Anlagen und Anwendungen im station\u00e4ren, mobilen und energetischen Bereich. Die DAF\u00dcR GmbH ist einer der europaweit f\u00fchrenden Hersteller von SASE-Systemen f\u00fcr verteilte, betriebs- und sicherheitskritische Infrastrukturen unter NIS2\/RCE, von Transaktionssystemen im Zahlungsverkehr sowie cloudbasierter Plattformen f\u00fcr Mehrwertdienste am Point of Sale. Adaptive Balancing ist Hersteller ultraschneller HPC-Technologie bis 250KW f\u00fcr PKW und bis 350KW f\u00fcr LKW. Weitere Produkte sind HPC-Lader f\u00fcr den \u00f6ffentlichen Personennahverkehr bis 300KW und Pantographen bis 500KW.<\/p>\n<p>\u201eDie Zusammenarbeit unserer drei Unternehmen ist auch ein wichtiges industrie- und technologiepolitisches Signal f\u00fcr den Wirtschaftsstandort Deutschland und den Mittelstand in S\u00fcdhessen\u201c, so Michael Wi\u00dfbach, CEO der CuroCon GmbH.<\/p>\n<p>&nbsp;<\/p>\n<p><u>Quellen:<\/u><\/p>\n<p>Pressemitteilung Adaptive Balancing GmbH vom 14.02.2023, Hoschke &amp; Consorten.<\/p>\n<p>&nbsp;<\/p>\n<p><u>Weiterf\u00fchrende Informationen:<\/u><\/p>\n<p><a href=\"https:\/\/www.adaptive-balancing.de\/\" target=\"_blank\" rel=\"noopener\">https:\/\/www.adaptive-balancing.de<\/a><\/p>\n<p><a href=\"https:\/\/www.dafuer.com\/\" target=\"_blank\" rel=\"noopener\">https:\/\/www.dafuer.com<\/a><\/p>\n<p><a href=\"https:\/\/curocon.de\" target=\"_blank\" rel=\"noopener\">https:\/\/curocon.de<\/a><\/p>\n<p><a href=\"https:\/\/www.facebook.com\/CuroCon\/\" target=\"_blank\" rel=\"noopener\">https:\/\/www.facebook.com\/CuroCon<\/a><\/p>\n<p><a href=\"https:\/\/www.linkedin.com\/posts\/michael-wissbach-05b623114_zahlungs-abrechnungslaemsungen-adhoc-activity-7031220344849932288-j-0G?utm_source=share&amp;utm_medium=member_desktop\" target=\"_blank\" rel=\"noopener\">https:\/\/www.linkedin.com\/posts\/michael-wissbach<\/a><\/p>\n<p><u><\/u><\/p>\n<p><u>Partner:<\/u><\/p>\n<p>Adaptive Balancing Power GmbH<\/p>\n<p>CuroCon GmbH<\/p>\n<p>DAF\u00dcR GmbH<\/p>\n<p>&nbsp;<\/p>\n<p><img loading=\"lazy\" decoding=\"async\" src=\"https:\/\/www.curocon.de\/wp-content\/uploads\/2023\/02\/Logo-DAFUeR-JPG.jpg\" width=\"246\" height=\"62\" alt=\"\" class=\"wp-image-5723 alignnone size-full\" \/>\u00a0 \u00a0 \u00a0 \u00a0 \u00a0 \u00a0 \u00a0 \u00a0 \u00a0 \u00a0 \u00a0 <img loading=\"lazy\" decoding=\"async\" src=\"https:\/\/www.curocon.de\/wp-content\/uploads\/2023\/02\/Logo_Adaptive.png\" width=\"250\" height=\"76\" alt=\"\" class=\"wp-image-5722 alignnone size-full\" srcset=\"https:\/\/www.curocon.de\/wp-content\/uploads\/2023\/02\/Logo_Adaptive.png 204w, https:\/\/www.curocon.de\/wp-content\/uploads\/2023\/02\/Logo_Adaptive-18x5.png 18w\" sizes=\"(max-width: 250px) 100vw, 250px\" \/>\u00a0 \u00a0 \u00a0 \u00a0 \u00a0 \u00a0 \u00a0 \u00a0 \u00a0 <img loading=\"lazy\" decoding=\"async\" src=\"https:\/\/www.curocon.de\/wp-content\/uploads\/2023\/02\/CuroCon-Logo-Transparent-scaled.jpg\" width=\"250\" height=\"91\" alt=\"\" class=\"wp-image-5727 alignnone size-full\" \/><\/p>\n<p>&nbsp;<\/p>\n<p><!-- \/divi:paragraph --><\/p>\n<p>[\/et_pb_text][\/et_pb_column][\/et_pb_row][\/et_pb_section]<\/p>\n","protected":false},"excerpt":{"rendered":"<p>Abb.: Setzen neuen Standard f\u00fcr barrierefreies und sicheres Bezahlen an Lades\u00e4ulen. V.l.n.r. Elmar Band (DAF\u00dcR GmbH), Michael Wi\u00dfbach (CuroCon GmbH) und Dr. Hendrik Schaede-Bodenschatz (Adaptive Balancing Power GmbH), \u00a9 Adaptive Balancing Power, 2023. Die DAF\u00dcR GmbH, die CuroCon GmbH und die Adaptive Balancing Power GmbH haben ihre Zusammenarbeit bekannt gegeben. Das Ziel der Unternehmen ist [&hellip;]<\/p>\n","protected":false},"author":4,"featured_media":5716,"comment_status":"closed","ping_status":"closed","sticky":false,"template":"","format":"standard","meta":{"_et_pb_use_builder":"on","_et_pb_old_content":"<!-- wp:paragraph -->\n<p><\/p>\n<!-- \/wp:paragraph -->\n\n<!-- wp:paragraph {\"fontSize\":\"medium\"} -->\n<p class=\"has-medium-font-size\">Ziel der CuroCon GmbH ist es, den eigenen Energiebedarf mit vorhandenen Ressourcen zu decken. Doch nicht nur ein eigener Beitrag zum Umweltschutz kann so geleistet werden. Durch Nutzung erneuerbarer Energien wie Photovoltaik k\u00f6nnen Stromkosten gesenkt werden. Da war es nur eine Frage der Zeit, bis die CuroCon GmbH eine auf dem Dach installierte Photovoltaikanlage ihr Eigen nennen konnte. Deren Module wurden bereits Ende Oktober installiert. Damit in naher Zukunft die Anlage in Betrieb genommen werden kann, wird derzeit der Hauptverteilerkasten entsprechend erweitert.<\/p>\n<!-- \/wp:paragraph -->\n\n<!-- wp:paragraph -->\n<p><\/p>\n<!-- \/wp:paragraph -->\n\n<!-- wp:paragraph {\"className\":\"noMargin\"} -->\n<p class=\"noMargin\"><em>Abb. 2: Vorarbeiten zur Installation der Photovoltaikanlage 2021. Quelle: CuroCon GmbH.<\/em><br><\/p>\n<!-- \/wp:paragraph -->\n\n<!-- wp:paragraph -->\n<p>F\u00fcr die Installation der Photovoltaikanlage stehen auf dem betriebseigenen Flachdach ca. 280 qm zur Verf\u00fcgung. Diese Fl\u00e4che wurde mit 80x 370Wp (29,6kWp) Modulen ausgestattet.<\/p>\n<!-- \/wp:paragraph -->\n\n<!-- wp:paragraph -->\n<p>Die CuroCon GmbH verf\u00fcgt \u00fcber 10 Ladepunkte f\u00fcr 10x Typ2 (22kW AC) und 2x CCS Combo2 (50kW, 700V DC), die mit der erzeugten Energie gef\u00fcttert werden.<\/p>\n<!-- \/wp:paragraph -->\n\n<!-- wp:paragraph -->\n<p>Das Lastmanagement soll drei Ziele erf\u00fcllen: Zum Ersten soll der Eigenverbrauch, die Anteile des von der Solaranlage produzierten Stroms, die nicht in das \u00f6ffentliche Netz eingespeist wurden, maximiert werden. Ebenso gilt es die Autarkie, der Anteil des gesamten verbrauchten Stroms, der selbst generiert wurde, zu maximieren. Um dies zu erreichen w\u00e4re die einfachste L\u00f6sung, die Ladeleistung w\u00e4hrend des gesamten Tages exakt gleich der Generatorleistung zu halten. Das zweite Ziel ist es, alle Elektroautos bei der Abfahrt f\u00fcr eine maximale Reichweite vollgeladen zu haben. Die einfachste L\u00f6sung w\u00e4re bei der Ankunft eines EV die Ladeleistung auf ihr Maximum zu erh\u00f6hen, um somit ein m\u00f6glichst schnelles Ende des Ladevorgangs zu erreichen. Die dritte Zielsetzung ist die Limitierung der maximal bezogenen Leistung aus dem \u00f6ffentlichen Stromnetz.<\/p>\n<!-- \/wp:paragraph -->\n\n<!-- wp:paragraph -->\n<p>Die finanzielle Photovoltaikplanung mit m\u00f6glichst schneller Amortisation sah folgenderma\u00dfen aus:<\/p>\n<!-- \/wp:paragraph -->\n\n<!-- wp:paragraph -->\n<p><\/p>\n<!-- \/wp:paragraph -->","_et_gb_content_width":"2880","footnotes":""},"categories":[10],"tags":[],"class_list":["post-5715","post","type-post","status-publish","format-standard","has-post-thumbnail","hentry","category-news"],"_links":{"self":[{"href":"https:\/\/www.curocon.de\/en\/wp-json\/wp\/v2\/posts\/5715","targetHints":{"allow":["GET"]}}],"collection":[{"href":"https:\/\/www.curocon.de\/en\/wp-json\/wp\/v2\/posts"}],"about":[{"href":"https:\/\/www.curocon.de\/en\/wp-json\/wp\/v2\/types\/post"}],"author":[{"embeddable":true,"href":"https:\/\/www.curocon.de\/en\/wp-json\/wp\/v2\/users\/4"}],"replies":[{"embeddable":true,"href":"https:\/\/www.curocon.de\/en\/wp-json\/wp\/v2\/comments?post=5715"}],"version-history":[{"count":2,"href":"https:\/\/www.curocon.de\/en\/wp-json\/wp\/v2\/posts\/5715\/revisions"}],"predecessor-version":[{"id":5728,"href":"https:\/\/www.curocon.de\/en\/wp-json\/wp\/v2\/posts\/5715\/revisions\/5728"}],"wp:featuredmedia":[{"embeddable":true,"href":"https:\/\/www.curocon.de\/en\/wp-json\/wp\/v2\/media\/5716"}],"wp:attachment":[{"href":"https:\/\/www.curocon.de\/en\/wp-json\/wp\/v2\/media?parent=5715"}],"wp:term":[{"taxonomy":"category","embeddable":true,"href":"https:\/\/www.curocon.de\/en\/wp-json\/wp\/v2\/categories?post=5715"},{"taxonomy":"post_tag","embeddable":true,"href":"https:\/\/www.curocon.de\/en\/wp-json\/wp\/v2\/tags?post=5715"}],"curies":[{"name":"wp","href":"https:\/\/api.w.org\/{rel}","templated":true}]}}