{"id":627,"date":"2019-09-23T16:25:30","date_gmt":"2019-09-23T14:25:30","guid":{"rendered":"http:\/\/curo-con.de\/?p=627"},"modified":"2021-04-14T08:59:23","modified_gmt":"2021-04-14T06:59:23","slug":"curocontrolmx-im-einsatz-fuer-weitere-rde-messfahrten-mit-plug-in-hybridfahrzeugen","status":"publish","type":"post","link":"https:\/\/www.curocon.de\/en\/curocontrolmx-im-einsatz-fuer-weitere-rde-messfahrten-mit-plug-in-hybridfahrzeugen\/","title":{"rendered":"CuroControl\u00aeMx in use for further RDE measurement runs with plug-in hybrid vehicles"},"content":{"rendered":"<p>[et_pb_section fb_built=&#8220;1&#8243; _builder_version=&#8220;3.26.3&#8243;][et_pb_row _builder_version=&#8220;3.26.3&#8243;][et_pb_column type=&#8220;4_4&#8243; _builder_version=&#8220;3.26.3&#8243;][et_pb_image src=&#8220;http:\/\/curo-con.de\/wp-content\/uploads\/2019\/09\/Mercedes-C350e.png&#8220; _builder_version=&#8220;4.8.2&#8243;][\/et_pb_image][et_pb_text _builder_version=&#8220;3.27.4&#8243;]<\/p>\n<p>Fast schon Routine bei der ElringKlinger Motortechnik GmbH: Nach der<span>\u00a0<\/span><strong>RDE-Vermessung<\/strong><span>\u00a0<\/span>eines VW Passat GTE und eines BMW 225xe folgte jetzt als drittes<span>\u00a0<\/span><strong>Vollhybridfahrzeug<\/strong><span>\u00a0<\/span>ein Mercedes C350e.<span id=\"more-3020\"><\/span><\/p>\n<p>[\/et_pb_text][et_pb_text _builder_version=&#8220;3.27.4&#8243;]<\/p>\n<h2>Durchf\u00fchrung<\/h2>\n<p>Auch diesmal stellte die<span>\u00a0<\/span><strong>CuroCon GmbH<\/strong>, die in ihrem Fuhrpark konventionelle Fahrzeuge zunehmend durch<span>\u00a0<\/span><strong>Vollhybrid<\/strong>\u2013 und reine<span>\u00a0<\/span><strong>Elektrofahrzeuge<\/strong><span>\u00a0<\/span>ersetzt, das Testfahrzeug \u2013 einen<span>\u00a0<\/span><strong>Mercedes C350e<\/strong><span>\u00a0<\/span>\u2013 zur Verf\u00fcgung.<span>\u00a0<\/span><strong>ElringKlinger Motortechnik<\/strong><span>\u00a0<\/span>r\u00fcstete das Testfahrzeug mit einem<span>\u00a0<\/span><strong>mobilen Emissionsmessger\u00e4t (PEMS)<\/strong><span>\u00a0<\/span>sowie umfangreicher weiterer Sensorik aus. F\u00fcr das zentrale Sammeln aller<span>\u00a0<\/span><strong>Messdaten in Echtzeit<\/strong><span>\u00a0<\/span>kam das bew\u00e4hrte System<span>\u00a0<\/span><strong>CuroCon<\/strong><strong><em>trol<\/em><\/strong><strong>\u00aeMx<\/strong><span>\u00a0<\/span>zum Einsatz. Durch identische Messausr\u00fcstung und dieselbe<span>\u00a0<\/span><strong>RDE-Messstrecke<\/strong><span>\u00a0<\/span>ist eine Vergleichbarkeit mit den Ergebnissen anderer Testfahrzeuge gegeben.<\/p>\n<h2>Erkenntnisse<\/h2>\n<p>Die<span>\u00a0<\/span><strong>Messergebnisse<\/strong><span>\u00a0<\/span>wurden nach<span>\u00a0<\/span><strong>Abschluss der Testfahrten<\/strong><span>\u00a0<\/span>aufbereitet und in den einzelnen Fahrmodi gegen\u00fcbergestellt. Erwartungsgem\u00e4\u00df wird der geringste Streckenverbrauch im<span>\u00a0<\/span><strong>E-Modus<\/strong>, gefolgt vom<span>\u00a0<\/span><strong>Hybrid-Modus<\/strong>, erzielt. Der<span>\u00a0<\/span><strong>SAVE-Modus<\/strong><span>\u00a0<\/span>verursacht bereits ca. 20% Mehrverbrauch. Nochmal deutlich h\u00f6her im Verbrauch liegt der<span>\u00a0<\/span><strong>CHARGE-Modus<\/strong>. Wie bereits bei den anderen beiden<span>\u00a0<\/span><strong>Vollhybridfahrzeugen<\/strong><span>\u00a0<\/span><strong>VW Passat GTE<\/strong><span>\u00a0<\/span>und<span>\u00a0<\/span><strong>BMW 225xe<\/strong><span>\u00a0<\/span>sollte der Lademodus daher nur im Ausnahmefall eingesetzt werden.<\/p>\n<p><strong>Energietisch<\/strong><span>\u00a0<\/span>klar besser ist der Start mit voller<span>\u00a0<\/span><strong>Traktionsbatterie<\/strong><span>\u00a0<\/span>und intelligenter Nutzung der<span>\u00a0<\/span><strong>Modi E<\/strong><span>\u00a0<\/span>und<span>\u00a0<\/span><strong>Hybrid<\/strong>: Auf Kurzstrecken m\u00f6glichst rein elektrisch fahren und auf l\u00e4ngeren Strecken den E-Antrieb bei geringer und der Verbrennungsmotor bei h\u00f6herer Lastanforderung nutzen, sodass bei Fahrtende die Batteriekapazit\u00e4t ausgenutzt ist. Die im<span>\u00a0<\/span><strong>Hybridmodus<\/strong><span>\u00a0<\/span>des<span>\u00a0<\/span><strong>Mercedes C 350e<\/strong><span>\u00a0<\/span>hinterlegte Betriebsstrategie kommt diesem Anspruch schon recht nahe, mit dem Ergebnis der geringsten CO<sub>2<\/sub>-Emission in diesem Fahrzeugvergleich. Dagegen ist die NOx-Emission im<span>\u00a0<\/span><strong>Hybridmodus<\/strong><span>\u00a0<\/span>beim Mercedes am h\u00f6chsten. Das l\u00e4sst noch einigen Raum zur Optimierung zuk\u00fcnftiger<span>\u00a0<\/span><strong>Hybridfahrzeuge<\/strong>.<\/p>\n<p>Der vollst\u00e4ndige Anwenderbericht zum Download:\u00a0<a href=\"https:\/\/www.curocon.de\/wp-content\/uploads\/2017\/11\/Anwenderbericht_EKM_MercedesC350e.pdf\" target=\"_blank\" rel=\"noopener noreferrer\">Anwenderbericht_EKM_MercedesC350e<\/a><\/p>\n<p>[\/et_pb_text][\/et_pb_column][\/et_pb_row][\/et_pb_section]<\/p>\n","protected":false},"excerpt":{"rendered":"<p>Fast schon Routine bei der ElringKlinger Motortechnik GmbH: Nach der\u00a0RDE-Vermessung\u00a0eines VW Passat GTE und eines BMW 225xe folgte jetzt als drittes\u00a0Vollhybridfahrzeug\u00a0ein Mercedes C350e.Durchf\u00fchrung Auch diesmal stellte die\u00a0CuroCon GmbH, die in ihrem Fuhrpark konventionelle Fahrzeuge zunehmend durch\u00a0Vollhybrid\u2013 und reine\u00a0Elektrofahrzeuge\u00a0ersetzt, das Testfahrzeug \u2013 einen\u00a0Mercedes C350e\u00a0\u2013 zur Verf\u00fcgung.\u00a0ElringKlinger Motortechnik\u00a0r\u00fcstete das Testfahrzeug mit einem\u00a0mobilen Emissionsmessger\u00e4t (PEMS)\u00a0sowie umfangreicher weiterer Sensorik [&hellip;]<\/p>\n","protected":false},"author":4,"featured_media":3008,"comment_status":"closed","ping_status":"closed","sticky":false,"template":"","format":"standard","meta":{"_et_pb_use_builder":"on","_et_pb_old_content":"","_et_gb_content_width":"2880","footnotes":""},"categories":[9],"tags":[],"class_list":["post-627","post","type-post","status-publish","format-standard","has-post-thumbnail","hentry","category-unkategorisiert"],"_links":{"self":[{"href":"https:\/\/www.curocon.de\/en\/wp-json\/wp\/v2\/posts\/627","targetHints":{"allow":["GET"]}}],"collection":[{"href":"https:\/\/www.curocon.de\/en\/wp-json\/wp\/v2\/posts"}],"about":[{"href":"https:\/\/www.curocon.de\/en\/wp-json\/wp\/v2\/types\/post"}],"author":[{"embeddable":true,"href":"https:\/\/www.curocon.de\/en\/wp-json\/wp\/v2\/users\/4"}],"replies":[{"embeddable":true,"href":"https:\/\/www.curocon.de\/en\/wp-json\/wp\/v2\/comments?post=627"}],"version-history":[{"count":4,"href":"https:\/\/www.curocon.de\/en\/wp-json\/wp\/v2\/posts\/627\/revisions"}],"predecessor-version":[{"id":4223,"href":"https:\/\/www.curocon.de\/en\/wp-json\/wp\/v2\/posts\/627\/revisions\/4223"}],"wp:featuredmedia":[{"embeddable":true,"href":"https:\/\/www.curocon.de\/en\/wp-json\/wp\/v2\/media\/3008"}],"wp:attachment":[{"href":"https:\/\/www.curocon.de\/en\/wp-json\/wp\/v2\/media?parent=627"}],"wp:term":[{"taxonomy":"category","embeddable":true,"href":"https:\/\/www.curocon.de\/en\/wp-json\/wp\/v2\/categories?post=627"},{"taxonomy":"post_tag","embeddable":true,"href":"https:\/\/www.curocon.de\/en\/wp-json\/wp\/v2\/tags?post=627"}],"curies":[{"name":"wp","href":"https:\/\/api.w.org\/{rel}","templated":true}]}}